{"id":52257,"date":"2026-01-20T12:05:45","date_gmt":"2026-01-20T12:05:45","guid":{"rendered":"https:\/\/radionuble.cl\/v1\/?p=52257"},"modified":"2026-01-20T12:05:45","modified_gmt":"2026-01-20T12:05:45","slug":"gobierno-reporta-20-fallecidos-y-mas-de-500-viviendas-destruidas-tras-incendios-en-nuble-y-biobio","status":"publish","type":"post","link":"https:\/\/radionuble.cl\/v1\/2026\/01\/20\/gobierno-reporta-20-fallecidos-y-mas-de-500-viviendas-destruidas-tras-incendios-en-nuble-y-biobio\/","title":{"rendered":"Gobierno reporta 20 fallecidos y m\u00e1s de 500 viviendas destruidas tras incendios en \u00d1uble y Biob\u00edo"},"content":{"rendered":"<p data-start=\"358\" data-end=\"593\">El Gobierno confirm\u00f3 que los <strong data-start=\"387\" data-end=\"445\">incendios forestales en las regiones de \u00d1uble y Biob\u00edo<\/strong> han dejado hasta ahora <strong data-start=\"469\" data-end=\"495\">20 personas fallecidas<\/strong> y <strong data-start=\"498\" data-end=\"533\">m\u00e1s de 500 viviendas destruidas<\/strong>, seg\u00fan el balance oficial entregado la noche de este lunes.<\/p>\n<p data-start=\"595\" data-end=\"823\">La informaci\u00f3n fue dada a conocer por el <strong data-start=\"636\" data-end=\"678\">ministro del Interior, \u00c1lvaro Elizalde<\/strong>, tras la reuni\u00f3n del <strong data-start=\"700\" data-end=\"762\">Comit\u00e9 de Gesti\u00f3n de Riesgos y Desastres (Cogrid) Nacional<\/strong>, donde se actualiz\u00f3 el estado de la emergencia a nivel pa\u00eds.<\/p>\n<p data-start=\"825\" data-end=\"1110\">En detalle, el secretario de Estado confirm\u00f3 un <strong data-start=\"873\" data-end=\"916\">nuevo fallecido en la regi\u00f3n del Biob\u00edo<\/strong>, elevando a <strong data-start=\"929\" data-end=\"968\">19 las v\u00edctimas fatales en esa zona<\/strong>, mientras que en <strong data-start=\"986\" data-end=\"1029\">\u00d1uble se mantiene una persona fallecida<\/strong>. Hasta ahora, <strong data-start=\"1044\" data-end=\"1109\">6 cuerpos han sido identificados por el Servicio M\u00e9dico Legal<\/strong>.<\/p>\n<p data-start=\"1112\" data-end=\"1366\">Respecto a las personas afectadas, Elizalde inform\u00f3 que <strong data-start=\"1168\" data-end=\"1204\">573 personas han sido albergadas<\/strong>, aclarando que se trata de una cifra din\u00e1mica, ya que muchas familias se trasladan temporalmente y no permanecen de forma permanente en los recintos habilitados.<\/p>\n<p data-start=\"1368\" data-end=\"1669\">En cuanto a la infraestructura da\u00f1ada, el Gobierno cifr\u00f3 en <strong data-start=\"1428\" data-end=\"1460\">536 las viviendas destruidas<\/strong> producto del avance del fuego. Adem\u00e1s, se inform\u00f3 la <strong data-start=\"1514\" data-end=\"1555\">evacuaci\u00f3n de cuatro centros de salud<\/strong>: <strong data-start=\"1557\" data-end=\"1611\">Lirqu\u00e9n, R\u00edos de Chile, Penco-Lirqu\u00e9n y Chaimavida<\/strong>, registr\u00e1ndose <strong data-start=\"1627\" data-end=\"1668\">da\u00f1os solo en el Cesfam R\u00edos de Chile<\/strong>.<\/p>\n<p data-start=\"1671\" data-end=\"1934\">Sobre el <strong data-start=\"1680\" data-end=\"1698\">toque de queda<\/strong>, el ministro precis\u00f3 que la medida <strong data-start=\"1734\" data-end=\"1767\">no ha sido necesaria en \u00d1uble<\/strong>, donde se ha priorizado la evacuaci\u00f3n preventiva. En Biob\u00edo, en tanto, el toque de queda <strong data-start=\"1857\" data-end=\"1901\">se mantiene solo en sectores espec\u00edficos<\/strong>, como <strong data-start=\"1908\" data-end=\"1933\">Lirqu\u00e9n, Laja y Penco<\/strong>.<\/p>\n<p data-start=\"1936\" data-end=\"2247\">A nivel nacional, Elizalde detall\u00f3 que <strong data-start=\"1975\" data-end=\"2042\">desde el 17 de enero se han registrado 142 incendios forestales<\/strong>, de los cuales <strong data-start=\"2058\" data-end=\"2088\">31 se mantienen en combate<\/strong>, con una afectaci\u00f3n superior a <strong data-start=\"2120\" data-end=\"2140\">34 mil hect\u00e1reas<\/strong>. El mayor da\u00f1o se concentra en el <strong data-start=\"2175\" data-end=\"2185\">Biob\u00edo<\/strong>, donde se contabilizan <strong data-start=\"2209\" data-end=\"2246\">m\u00e1s de 27 mil hect\u00e1reas arrasadas<\/strong>.<\/p>\n<p data-start=\"2249\" data-end=\"2566\">En el balance tambi\u00e9n se inform\u00f3 la designaci\u00f3n de <strong data-start=\"2300\" data-end=\"2323\">ministros de enlace<\/strong> en las regiones afectadas. La ministra de Obras P\u00fablicas, <strong data-start=\"2382\" data-end=\"2399\">Jessica L\u00f3pez<\/strong>, fue nombrada enlace en <strong data-start=\"2424\" data-end=\"2440\">La Araucan\u00eda<\/strong>; la ministra de Salud, <strong data-start=\"2464\" data-end=\"2483\">Ximena Aguilera<\/strong>, en <strong data-start=\"2488\" data-end=\"2498\">Biob\u00edo<\/strong>; y la ministra de Agricultura, <strong data-start=\"2530\" data-end=\"2551\">Ignacia Fern\u00e1ndez<\/strong>, en <strong data-start=\"2556\" data-end=\"2565\">\u00d1uble<\/strong>.<\/p>\n<p data-start=\"2568\" data-end=\"2812\">En materia educacional, el ministro del Interior confirm\u00f3 que el Gobierno <strong data-start=\"2642\" data-end=\"2712\">extendi\u00f3 el per\u00edodo de matr\u00edcula universitaria hasta el 6 de marzo<\/strong>, exclusivamente para los postulantes afectados por la emergencia que cuenten con su <strong data-start=\"2797\" data-end=\"2811\">Ficha FIBE<\/strong>.<\/p>\n<p data-start=\"2814\" data-end=\"3174\">Finalmente, Elizalde reiter\u00f3 que <strong data-start=\"2847\" data-end=\"2920\">el 99,7% de los incendios forestales son provocados por acci\u00f3n humana<\/strong>, subrayando que las conductas individuales pueden marcar la diferencia para evitar nuevas tragedias. En ese sentido, volvi\u00f3 a llamar a la poblaci\u00f3n a <strong data-start=\"3071\" data-end=\"3115\">respetar las instrucciones de evacuaci\u00f3n<\/strong> y las medidas preventivas mientras contin\u00fae la emergencia.<\/p>\n","protected":false},"excerpt":{"rendered":"<p>El Gobierno confirm\u00f3 que los incendios forestales en las regiones de \u00d1uble y Biob\u00edo han dejado hasta ahora 20 personas fallecidas y m\u00e1s de 500 viviendas destruidas, seg\u00fan el balance oficial entregado la noche de este lunes. La informaci\u00f3n fue dada a conocer por el ministro del Interior, \u00c1lvaro Elizalde, tras la reuni\u00f3n del Comit\u00e9 &hellip;<\/p>\n","protected":false},"author":1,"featured_media":52212,"comment_status":"open","ping_status":"open","sticky":false,"template":"","format":"standard","meta":{"footnotes":""},"categories":[25],"tags":[],"class_list":["post-52257","post","type-post","status-publish","format-standard","has-post-thumbnail","hentry","category-nuble"],"_links":{"self":[{"href":"https:\/\/radionuble.cl\/v1\/wp-json\/wp\/v2\/posts\/52257","targetHints":{"allow":["GET"]}}],"collection":[{"href":"https:\/\/radionuble.cl\/v1\/wp-json\/wp\/v2\/posts"}],"about":[{"href":"https:\/\/radionuble.cl\/v1\/wp-json\/wp\/v2\/types\/post"}],"author":[{"embeddable":true,"href":"https:\/\/radionuble.cl\/v1\/wp-json\/wp\/v2\/users\/1"}],"replies":[{"embeddable":true,"href":"https:\/\/radionuble.cl\/v1\/wp-json\/wp\/v2\/comments?post=52257"}],"version-history":[{"count":1,"href":"https:\/\/radionuble.cl\/v1\/wp-json\/wp\/v2\/posts\/52257\/revisions"}],"predecessor-version":[{"id":52258,"href":"https:\/\/radionuble.cl\/v1\/wp-json\/wp\/v2\/posts\/52257\/revisions\/52258"}],"wp:featuredmedia":[{"embeddable":true,"href":"https:\/\/radionuble.cl\/v1\/wp-json\/wp\/v2\/media\/52212"}],"wp:attachment":[{"href":"https:\/\/radionuble.cl\/v1\/wp-json\/wp\/v2\/media?parent=52257"}],"wp:term":[{"taxonomy":"category","embeddable":true,"href":"https:\/\/radionuble.cl\/v1\/wp-json\/wp\/v2\/categories?post=52257"},{"taxonomy":"post_tag","embeddable":true,"href":"https:\/\/radionuble.cl\/v1\/wp-json\/wp\/v2\/tags?post=52257"}],"curies":[{"name":"wp","href":"https:\/\/api.w.org\/{rel}","templated":true}]}}