{"id":52297,"date":"2026-01-21T15:07:13","date_gmt":"2026-01-21T15:07:13","guid":{"rendered":"https:\/\/radionuble.cl\/v1\/?p=52297"},"modified":"2026-01-21T15:07:13","modified_gmt":"2026-01-21T15:07:13","slug":"quien-es-quien-estos-son-los-ministros-del-gabinete-de-jose-antonio-kast","status":"publish","type":"post","link":"https:\/\/radionuble.cl\/v1\/2026\/01\/21\/quien-es-quien-estos-son-los-ministros-del-gabinete-de-jose-antonio-kast\/","title":{"rendered":"Qui\u00e9n es Qui\u00e9n: Estos son los ministros del gabinete de Jos\u00e9 Antonio Kast"},"content":{"rendered":"<p data-start=\"332\" data-end=\"678\">El presidente electo <strong data-start=\"353\" data-end=\"374\">Jos\u00e9 Antonio Kast<\/strong> present\u00f3 este martes al equipo de ministros que lo acompa\u00f1ar\u00e1 a partir del <strong data-start=\"450\" data-end=\"465\">11 de marzo<\/strong>, cuando asuma el mando del pa\u00eds. El gabinete combina figuras de la derecha tradicional, independientes, t\u00e9cnicos y algunos nombres provenientes de la centroizquierda, con fuerte \u00e9nfasis en perfiles profesionales.<\/p>\n<p data-start=\"680\" data-end=\"737\">A continuaci\u00f3n, el detalle <strong data-start=\"707\" data-end=\"736\">ministerio por ministerio<\/strong>.<\/p>\n<h2 data-start=\"680\" data-end=\"737\">Claudio Alvarado \u2013 Ministro del Interior<\/h2>\n<p data-start=\"680\" data-end=\"737\"><img decoding=\"async\" src=\"https:\/\/imagenes.elpais.com\/resizer\/v2\/GDCIUFQA2BDG3BADI6KFPQAUWA.jpg?auth=5c1771cb8077993984bf83463975e04d241b5c77a84baf7fa6705ebd31826604&amp;width=414\" \/><\/p>\n<p data-start=\"793\" data-end=\"1088\">Militante UDI e ingeniero comercial. Cuenta con una extensa trayectoria pol\u00edtica: fue alcalde, diputado y senador, adem\u00e1s de subsecretario y ministro en ambos gobiernos de Sebasti\u00e1n Pi\u00f1era. Tras el triunfo de Kast, encabez\u00f3 el proceso de traspaso de mando desde la Oficina del Presidente Electo.<\/p>\n<h3 data-start=\"1095\" data-end=\"1163\"><strong data-start=\"1099\" data-end=\"1163\">Francisco P\u00e9rez Mackenna \u2013 Ministro de Relaciones Exteriores<\/strong><\/h3>\n<p>&nbsp;<\/p>\n<p data-start=\"1164\" data-end=\"1405\"><img decoding=\"async\" src=\"https:\/\/imagenes.elpais.com\/resizer\/v2\/23WWSKJ5ABEHJAKLYWMQ2KKC6I.jpeg?auth=c2c80d83a7edb48a6f7babd49cb0e2cbe00d7a117d9314f4f9e19ff5450d2e62&amp;width=414\" \/><\/p>\n<p data-start=\"1164\" data-end=\"1405\">Ingeniero, acad\u00e9mico y empresario. Exmilitante de RN, hoy independiente. Fue gerente general de Qui\u00f1enco y presidente de la Asociaci\u00f3n de AFP. Su perfil t\u00e9cnico y empresarial ha sido clave en su designaci\u00f3n para liderar la pol\u00edtica exterior.<\/p>\n<h3 data-start=\"1412\" data-end=\"1461\"><strong data-start=\"1416\" data-end=\"1461\">Trinidad Steinert \u2013 Ministra de Seguridad<\/strong><\/h3>\n<p><img loading=\"lazy\" decoding=\"async\" class=\"\" src=\"https:\/\/www.ex-ante.cl\/wp-content\/uploads\/2025\/07\/Maria-Trinidad-Steinert-2.png\" width=\"405\" height=\"228\" \/><\/p>\n<p data-start=\"1462\" data-end=\"1694\">Abogada independiente. Hasta su nombramiento se desempe\u00f1aba como fiscal regional de Tarapac\u00e1. Lider\u00f3 investigaciones contra redes de narcotr\u00e1fico y el Tren de Aragua, lo que la posicion\u00f3 como una figura dura en materia de seguridad.<\/p>\n<h3 data-start=\"1701\" data-end=\"1755\"><strong data-start=\"1705\" data-end=\"1755\">Fernando Barros \u2013 Ministro de Defensa Nacional<\/strong><\/h3>\n<p><img loading=\"lazy\" decoding=\"async\" class=\"\" src=\"https:\/\/www.ex-ante.cl\/wp-content\/uploads\/2026\/01\/Fernando-Barros-768x432.png\" width=\"408\" height=\"230\" \/><\/p>\n<p data-start=\"1756\" data-end=\"1960\">Abogado tributarista del estudio Barros &amp; Err\u00e1zuriz, sin militancia pol\u00edtica. En 1998 integr\u00f3 la defensa de Augusto Pinochet durante su detenci\u00f3n en Londres. Fue asesor tributario del expresidente Pi\u00f1era.<\/p>\n<h3 data-start=\"1967\" data-end=\"2010\"><strong data-start=\"1971\" data-end=\"2010\">Jorge Quiroz \u2013 Ministro de Hacienda<\/strong><\/h3>\n<p><img decoding=\"async\" src=\"https:\/\/imagenes.elpais.com\/resizer\/v2\/LA3YP65CERGXTJVU5ZCAVRNYUU.jpg?auth=b25ebb578e3ea963ccef0a5624a38b1ad3f774e7ad47e0cd6bbe1a54d38e430a&amp;width=414\" \/><\/p>\n<p data-start=\"2011\" data-end=\"2258\">Economista y consultor independiente. Fue coordinador econ\u00f3mico de la campa\u00f1a de Kast y cr\u00edtico de varias pol\u00edticas del Gobierno de Boric. Su nombramiento ha generado debate por informes emitidos por su consultora en casos de colusi\u00f3n empresarial.<\/p>\n<h3 data-start=\"2265\" data-end=\"2340\"><strong data-start=\"2269\" data-end=\"2340\">Jos\u00e9 Garc\u00eda Ruminot \u2013 Ministro Secretario General de la Presidencia<\/strong><\/h3>\n<p><img loading=\"lazy\" decoding=\"async\" class=\"\" src=\"https:\/\/araucaniadiario.cl\/download\/multimedia.normal.84d7da1d176a9db7.31345f6e6f726d616c2e6a7067.jpg\" width=\"419\" height=\"236\" \/><\/p>\n<p data-start=\"2341\" data-end=\"2537\">Contador auditor y militante de RN. Ha sido alcalde, diputado y senador, adem\u00e1s de presidente del Senado entre 2024 y 2025. Estar\u00e1 a cargo de la relaci\u00f3n pol\u00edtica entre el Ejecutivo y el Congreso.<\/p>\n<h3 data-start=\"2544\" data-end=\"2605\"><strong data-start=\"2548\" data-end=\"2605\">Mara Sedini \u2013 Ministra Secretaria General de Gobierno<\/strong><\/h3>\n<p><img decoding=\"async\" src=\"https:\/\/imagenes.elpais.com\/resizer\/v2\/62TGWPGK3NG2BNVA3UBH4TEKCA.jpg?auth=aead21bf2598a7341ff894d87268f41c52c7650903c777d4f62af23bd91e937e&amp;width=414\" \/><\/p>\n<p data-start=\"2606\" data-end=\"2804\">Actriz, periodista e influencer, sin militancia pol\u00edtica. Fue vocera de la campa\u00f1a de Kast y exdirectora de asuntos p\u00fablicos de la Fundaci\u00f3n para el Progreso. Tendr\u00e1 el rol de portavoz del Gobierno.<\/p>\n<h3 data-start=\"2811\" data-end=\"2864\"><strong data-start=\"2815\" data-end=\"2864\">Daniel Mas \u2013 Biministro de Econom\u00eda y Miner\u00eda<\/strong><\/h3>\n<p><img loading=\"lazy\" decoding=\"async\" class=\"\" src=\"https:\/\/www.ex-ante.cl\/wp-content\/uploads\/2026\/01\/Daniel-Mas.png\" width=\"425\" height=\"239\" \/><\/p>\n<p data-start=\"2865\" data-end=\"3043\">Ingeniero agr\u00f3nomo y empresario independiente. Exvicepresidente de la CPC y con una extensa carrera ligada a la industria de la construcci\u00f3n. Es el \u00fanico biministro del gabinete.<\/p>\n<h3 data-start=\"3050\" data-end=\"3106\"><strong data-start=\"3054\" data-end=\"3106\">Mar\u00eda Jes\u00fas Wulf \u2013 Ministra de Desarrollo Social<\/strong><\/h3>\n<p><img decoding=\"async\" src=\"https:\/\/imagenes.elpais.com\/resizer\/v2\/UFMG4MLDBRCM5PSIU33MLID5ZA.webp?auth=7eaf52b344a6f4c524dd6e910c634e886f4c56ebc49ded09ce5d3b9c87641069&amp;width=414\" alt=\"Se despeja el misterio: los nombres que aparecen con ventaja para el Gabinete de Kast | EL PA\u00cdS Chile\" \/><\/p>\n<p data-start=\"3107\" data-end=\"3313\">Soci\u00f3loga y militante del Partido Republicano. Subdirectora de Acci\u00f3n Republicana y colaboradora cercana de Kast en la elaboraci\u00f3n del programa de Gobierno, especialmente en educaci\u00f3n, vivienda y natalidad.<\/p>\n<h3 data-start=\"3320\" data-end=\"3368\"><strong data-start=\"3324\" data-end=\"3368\">Mar\u00eda Paz Arzola \u2013 Ministra de Educaci\u00f3n<\/strong><\/h3>\n<p><img decoding=\"async\" src=\"https:\/\/imagenes.elpais.com\/resizer\/v2\/5B5ZVXF5LVGV5FLTUXNKCDHNTA.jpg?auth=842aa319b0054e670736d2e4ebd34984e866f837f6c4c82a353d0a1e6b71bbdf&amp;width=414\" \/><\/p>\n<p data-start=\"3369\" data-end=\"3543\">Economista independiente. Investigadora del centro de estudios Libertad y Desarrollo, con foco en pol\u00edticas educacionales. Tambi\u00e9n ha tenido experiencia en el sector privado.<\/p>\n<h3 data-start=\"3550\" data-end=\"3614\"><strong data-start=\"3554\" data-end=\"3614\">Fernando Rabat \u2013 Ministro de Justicia y Derechos Humanos<\/strong><\/h3>\n<p><img loading=\"lazy\" decoding=\"async\" class=\"\" src=\"https:\/\/derecho.udd.cl\/files\/2026\/01\/whatsapp-image-2026-01-20-at-16-09-48.jpeg\" width=\"426\" height=\"286\" \/><\/p>\n<p data-start=\"3615\" data-end=\"3826\">Abogado y acad\u00e9mico de la Universidad del Desarrollo, sin militancia pol\u00edtica. Particip\u00f3 en la defensa de Augusto Pinochet en diversas causas, lo que ha generado rechazo desde organizaciones de derechos humanos.<\/p>\n<h3 data-start=\"3833\" data-end=\"3892\"><strong data-start=\"3837\" data-end=\"3892\">Tom\u00e1s Rau \u2013 Ministro del Trabajo y Previsi\u00f3n Social<\/strong><\/h3>\n<p><img loading=\"lazy\" decoding=\"async\" class=\"\" src=\"https:\/\/static.emol.cl\/emol50\/Fotos\/2026\/01\/14\/file_20260114111051.jpg\" width=\"430\" height=\"242\" \/><\/p>\n<p data-start=\"3893\" data-end=\"4067\">Economista y acad\u00e9mico. Exdirector del Instituto de Econom\u00eda de la Universidad Cat\u00f3lica. Trabaj\u00f3 junto al Nobel de Econom\u00eda David Card durante su doctorado en Estados Unidos.<\/p>\n<h3 data-start=\"4074\" data-end=\"4123\"><strong data-start=\"4078\" data-end=\"4123\">Mart\u00edn Arrau \u2013 Ministro de Obras P\u00fablicas<\/strong><\/h3>\n<p><img decoding=\"async\" src=\"https:\/\/imagenes.elpais.com\/resizer\/v2\/HNSJFRTKQVBQZHKQXGLM5PBFEI.jpg?auth=59b263eb6645712c05e6088c5ff6275c0eb78707c5fcf976491cdc7f2b9ebf81&amp;width=414\" \/><\/p>\n<p data-start=\"4124\" data-end=\"4306\">Ingeniero civil y militante republicano. Fue intendente de \u00d1uble durante el segundo gobierno de Pi\u00f1era y convencional constituyente. Es uno de los colaboradores m\u00e1s cercanos de Kast.<\/p>\n<h3 data-start=\"4313\" data-end=\"4352\"><strong data-start=\"4317\" data-end=\"4352\">May Chomali \u2013 Ministra de Salud<\/strong><\/h3>\n<p><img loading=\"lazy\" decoding=\"async\" class=\"\" src=\"https:\/\/cens.cl\/wp-content\/uploads\/2026\/01\/Foto-May-Chomali-directora-ejecutiva-CENS-1.jpg\" width=\"417\" height=\"267\" \/><\/p>\n<p data-start=\"4353\" data-end=\"4519\">M\u00e9dica especialista en salud p\u00fablica, independiente. Exdirectora ejecutiva del CENS y exdirectora m\u00e9dica de Cl\u00ednica Las Condes. Hermana del cardenal Fernando Chomali.<\/p>\n<h3 data-start=\"4526\" data-end=\"4580\"><strong data-start=\"4530\" data-end=\"4580\">Iv\u00e1n Poduje \u2013 Ministro de Vivienda y Urbanismo<\/strong><\/h3>\n<p><img loading=\"lazy\" decoding=\"async\" class=\"\" src=\"https:\/\/www.latercera.com\/resizer\/v2\/Z6FNRIGFY5BX7GPHYANSYUDLUU.jpg?auth=46242c4183e964ae893a75dfc4e3973e35d83598ef677784deaf10fd326aef6e&amp;smart=true&amp;width=800&amp;height=450&amp;quality=70\" alt=\"Iv\u00e1n Poduje (Ind), ministro de Vivienda: el exconcertacionista que dio un giro tras el estallido - La Tercera\" width=\"427\" height=\"240\" \/><\/p>\n<p data-start=\"4581\" data-end=\"4746\">Abogado y acad\u00e9mico independiente. Fue asesor del Minvu en el segundo gobierno de Pi\u00f1era. Ha sido una figura p\u00fablica controvertida desde el estallido social de 2019.<\/p>\n<h3 data-start=\"4753\" data-end=\"4799\"><strong data-start=\"4757\" data-end=\"4799\">Jaime Campos \u2013 Ministro de Agricultura<\/strong><\/h3>\n<p><img loading=\"lazy\" decoding=\"async\" class=\"\" src=\"https:\/\/www.latercera.com\/resizer\/v2\/U53BGXGJBJDF5GQNHCMB4ZFWF4.jpg?auth=2e818fd82a1f72823b7c2fe1e87b12683b508c2b4b28c01575ea415e744192b0&amp;focal=1657%2C485&amp;width=800&amp;height=450&amp;quality=70\" alt=\"Partido Radical amenaza con expulsar a Jaime Campos, el exconcertacionista que llegar\u00e1 al gabinete de Kast - La Tercera\" width=\"419\" height=\"236\" \/><\/p>\n<p data-start=\"4800\" data-end=\"4949\">Abogado y figura hist\u00f3rica de la exConcertaci\u00f3n. Exministro en los gobiernos de Aylwin y Bachelet. Militante del Partido Radical hasta su disoluci\u00f3n.<\/p>\n<h3 data-start=\"4956\" data-end=\"5005\"><strong data-start=\"4960\" data-end=\"5005\">Louis de Grange \u2013 Ministro de Transportes<\/strong><\/h3>\n<p><img loading=\"lazy\" decoding=\"async\" class=\"\" src=\"https:\/\/www.udp.cl\/cms\/wp-content\/uploads\/2017\/12\/21.-Louis-De-Grange.jpg\" alt=\"Louis de Grange \u2013 UDP \u2013 Universidad Diego Portales\" width=\"420\" height=\"298\" \/><\/p>\n<p data-start=\"5006\" data-end=\"5147\">Ingeniero industrial y acad\u00e9mico. Exdirector y expresidente del directorio de Metro de Santiago, cargo que ocup\u00f3 durante el estallido social.<\/p>\n<h3 data-start=\"5154\" data-end=\"5208\"><strong data-start=\"5158\" data-end=\"5208\">Catalina Parot \u2013 Ministra de Bienes Nacionales<\/strong><\/h3>\n<p><img loading=\"lazy\" decoding=\"async\" class=\"\" src=\"https:\/\/radio.uchile.cl\/wp-content\/uploads\/2020\/04\/15-Foto-nota-1-696x466-620x415.jpg\" alt=\"Catalina Parot reemplaza a Francisco Encina en Comisi\u00f3n T\u00e9cnica de la Convenci\u00f3n Constituyente \u00ab Diario y Radio Universidad Chile\" width=\"426\" height=\"285\" \/><\/p>\n<p data-start=\"5209\" data-end=\"5341\">Abogada, exmilitante de RN y Ev\u00f3poli. Fue ministra del ramo en el primer gobierno de Pi\u00f1era y presidenta del CNTV entre 2018 y 2021.<\/p>\n<h3 data-start=\"5348\" data-end=\"5391\"><strong data-start=\"5352\" data-end=\"5391\">Ximena Rinc\u00f3n \u2013 Ministra de Energ\u00eda<\/strong><\/h3>\n<p><img loading=\"lazy\" decoding=\"async\" class=\"\" src=\"https:\/\/www.elperiodista.cl\/wp-content\/uploads\/2025\/09\/Ximena-Rincon-750x430.jpg\" alt=\"Rinc\u00f3n exige transparencia para Presupuesto 2026\" width=\"424\" height=\"243\" \/><\/p>\n<p data-start=\"5392\" data-end=\"5540\">Abogada y exmilitante DC. Fue ministra del Trabajo y Segpres durante el segundo gobierno de Bachelet. Fundadora del partido Dem\u00f3cratas y exsenadora.<\/p>\n<h3 data-start=\"5547\" data-end=\"5601\"><strong data-start=\"5551\" data-end=\"5601\">Francisca Toledo \u2013 Ministra del Medio Ambiente<\/strong><\/h3>\n<p><img loading=\"lazy\" decoding=\"async\" class=\"\" src=\"https:\/\/www.latercera.com\/resizer\/v2\/PF7HOXW2WNBUXMUCSRYXJQ2XCQ.png?auth=9b3e09f94ffbfd495abb8b0fa44cf6e35a7b3d835c49019f4a7efef1e7870033&amp;smart=true&amp;width=800&amp;height=450&amp;quality=70\" alt=\"Francisca Toledo, ministra de Medio Ambiente: ex LyD que particip\u00f3 en los dos gobiernos de Pi\u00f1era - La Tercera\" width=\"429\" height=\"241\" \/><\/p>\n<p data-start=\"5602\" data-end=\"5721\">Ingeniera independiente. Fue asesora en distintas reparticiones del Estado durante la segunda administraci\u00f3n de Pi\u00f1era.<\/p>\n<h3 data-start=\"5728\" data-end=\"5791\"><strong data-start=\"5732\" data-end=\"5791\">Judith Mar\u00edn \u2013 Ministra de la Mujer y Equidad de G\u00e9nero<\/strong><\/h3>\n<p><img loading=\"lazy\" decoding=\"async\" class=\"\" src=\"https:\/\/www.latercera.com\/resizer\/v2\/2G3H2CP2JJB7PMSVDUFSWOP56E.jpeg?auth=81615a0595d1f5cfaa0f8412b9fc5e68675901dfb29ce4e210a5b15ba887d5b5&amp;smart=true&amp;width=800&amp;height=450&amp;quality=70\" alt=\"Judith Mar\u00edn (PSC), la nueva ministra de la Mujer: f\u00e9rrea defensora de la vida \u201cdesde la concepci\u00f3n\u201d - La Tercera\" width=\"427\" height=\"240\" \/><\/p>\n<p data-start=\"5792\" data-end=\"5956\">Profesora y militante del Partido Social Cristiano. Exconcejal y excandidata a diputada. Su perfil conservador ha generado cr\u00edticas desde organizaciones feministas ya que se ha manifestado abiertamente en contra del aborto, entre otras.<\/p>\n<h3 data-start=\"5963\" data-end=\"6006\"><strong data-start=\"5967\" data-end=\"6006\">Natalia Duco \u2013 Ministra del Deporte<\/strong><\/h3>\n<p><img loading=\"lazy\" decoding=\"async\" class=\"\" src=\"https:\/\/aguad.cl\/wp-content\/uploads\/2023\/02\/ducoo.jpg\" alt=\"Natalia Duco | Aguad Comunicaciones\" width=\"429\" height=\"286\" \/><\/p>\n<p data-start=\"6007\" data-end=\"6167\">Atleta ol\u00edmpica del lanzamiento de la bala. Particip\u00f3 en tres Juegos Ol\u00edmpicos. Estuvo suspendida por dopaje entre 2018 y 2021 y luego incursion\u00f3 en televisi\u00f3n.<\/p>\n<h3 data-start=\"6174\" data-end=\"6255\"><strong data-start=\"6178\" data-end=\"6255\">Francisco Undurraga \u2013 Ministro de las Culturas, las Artes y el Patrimonio<\/strong><\/h3>\n<p><img loading=\"lazy\" decoding=\"async\" class=\"\" src=\"https:\/\/www.bcn.cl\/obtieneimagen?id=documentos\/10221.1\/74195\/BCNChile_Undurraga_20190507_F001-G.jpg\" alt=\"Observatorio Asia Pac\u00edfico\" width=\"438\" height=\"292\" \/><\/p>\n<p data-start=\"6256\" data-end=\"6411\">Publicista y militante de Ev\u00f3poli. Exdiputado y expresidente del partido. Ha tenido cargos ejecutivos en Mega y La Red, adem\u00e1s de colaborar con la Telet\u00f3n.<\/p>\n<h3 data-start=\"6418\" data-end=\"6502\"><strong data-start=\"6422\" data-end=\"6502\">Ximena Lincolao \u2013 Ministra de Ciencia, Tecnolog\u00eda, Conocimiento e Innovaci\u00f3n<\/strong><\/h3>\n<p><img loading=\"lazy\" decoding=\"async\" class=\"\" src=\"https:\/\/media-front.elmostrador.cl\/2026\/01\/A_UNO_1714136-scaled.jpeg\" alt=\"Cient\u00edficos valoran a Ximena Lincolao en el Ministerio de Ciencia pero piden mayor presupuesto\" width=\"424\" height=\"282\" \/><\/p>\n<p data-start=\"6503\" data-end=\"6660\">Profesora y emprendedora tecnol\u00f3gica, independiente. Cofundadora de startups en EE.UU. y destacada por Forbes y Washingtonian por su liderazgo en innovaci\u00f3n.<\/p>\n<p data-start=\"680\" data-end=\"737\">\n","protected":false},"excerpt":{"rendered":"<p>El presidente electo Jos\u00e9 Antonio Kast present\u00f3 este martes al equipo de ministros que lo acompa\u00f1ar\u00e1 a partir del 11 de marzo, cuando asuma el mando del pa\u00eds. El gabinete combina figuras de la derecha tradicional, independientes, t\u00e9cnicos y algunos nombres provenientes de la centroizquierda, con fuerte \u00e9nfasis en perfiles profesionales. A continuaci\u00f3n, el detalle &hellip;<\/p>\n","protected":false},"author":1,"featured_media":52298,"comment_status":"open","ping_status":"open","sticky":false,"template":"","format":"standard","meta":{"footnotes":""},"categories":[26],"tags":[],"class_list":["post-52297","post","type-post","status-publish","format-standard","has-post-thumbnail","hentry","category-pais"],"_links":{"self":[{"href":"https:\/\/radionuble.cl\/v1\/wp-json\/wp\/v2\/posts\/52297","targetHints":{"allow":["GET"]}}],"collection":[{"href":"https:\/\/radionuble.cl\/v1\/wp-json\/wp\/v2\/posts"}],"about":[{"href":"https:\/\/radionuble.cl\/v1\/wp-json\/wp\/v2\/types\/post"}],"author":[{"embeddable":true,"href":"https:\/\/radionuble.cl\/v1\/wp-json\/wp\/v2\/users\/1"}],"replies":[{"embeddable":true,"href":"https:\/\/radionuble.cl\/v1\/wp-json\/wp\/v2\/comments?post=52297"}],"version-history":[{"count":1,"href":"https:\/\/radionuble.cl\/v1\/wp-json\/wp\/v2\/posts\/52297\/revisions"}],"predecessor-version":[{"id":52299,"href":"https:\/\/radionuble.cl\/v1\/wp-json\/wp\/v2\/posts\/52297\/revisions\/52299"}],"wp:featuredmedia":[{"embeddable":true,"href":"https:\/\/radionuble.cl\/v1\/wp-json\/wp\/v2\/media\/52298"}],"wp:attachment":[{"href":"https:\/\/radionuble.cl\/v1\/wp-json\/wp\/v2\/media?parent=52297"}],"wp:term":[{"taxonomy":"category","embeddable":true,"href":"https:\/\/radionuble.cl\/v1\/wp-json\/wp\/v2\/categories?post=52297"},{"taxonomy":"post_tag","embeddable":true,"href":"https:\/\/radionuble.cl\/v1\/wp-json\/wp\/v2\/tags?post=52297"}],"curies":[{"name":"wp","href":"https:\/\/api.w.org\/{rel}","templated":true}]}}