{"id":52585,"date":"2026-02-11T13:13:59","date_gmt":"2026-02-11T13:13:59","guid":{"rendered":"https:\/\/radionuble.cl\/v1\/?p=52585"},"modified":"2026-02-11T13:13:59","modified_gmt":"2026-02-11T13:13:59","slug":"mujer-muere-tras-violento-choque-frontal-entre-vehiculo-y-bus-en-coihueco","status":"publish","type":"post","link":"https:\/\/radionuble.cl\/v1\/2026\/02\/11\/mujer-muere-tras-violento-choque-frontal-entre-vehiculo-y-bus-en-coihueco\/","title":{"rendered":"Mujer muere tras violento choque frontal entre veh\u00edculo y bus en Coihueco"},"content":{"rendered":"<p data-start=\"184\" data-end=\"386\"><strong>Una mujer falleci\u00f3<\/strong> este martes tras un grave accidente de tr\u00e1nsito registrado en la <strong>comuna de Coihuec<\/strong>o, luego de que el veh\u00edculo menor en el que viajaba colisionara frontalmente con un bus de pasajeros.<\/p>\n<p data-start=\"388\" data-end=\"550\">El hecho ocurri\u00f3 a la altura del <strong>kil\u00f3metro 37 de la ruta Coihueco\u2013Nahueltoro<\/strong>, en circunstancias que deber\u00e1n ser esclarecidas por la investigaci\u00f3n correspondiente.<\/p>\n<p data-start=\"552\" data-end=\"661\">Producto del fuerte impacto, la mujer \u2014quien viajaba como <strong>ocupante del autom\u00f3vil<\/strong>\u2014 perdi\u00f3 la vida en el lugar.<\/p>\n<p data-start=\"663\" data-end=\"814\">Hasta el sitio del suceso concurrieron voluntarios del <strong>Cuerpo de Bomberos de Coihueco<\/strong> para atender la emergencia y realizar labores de rescate y apoyo.<\/p>\n<p data-start=\"816\" data-end=\"1054\">En tanto, se espera el arribo de personal de <strong>Carabineros<\/strong> y del equipo especializado de la <strong>SIAT \u00d1uble<\/strong>, quienes quedar\u00e1n a cargo de las diligencias destinadas a determinar la din\u00e1mica del accidente y establecer eventuales responsabilidades.<\/p>\n","protected":false},"excerpt":{"rendered":"<p>Una mujer falleci\u00f3 este martes tras un grave accidente de tr\u00e1nsito registrado en la comuna de Coihueco, luego de que el veh\u00edculo menor en el que viajaba colisionara frontalmente con un bus de pasajeros. El hecho ocurri\u00f3 a la altura del kil\u00f3metro 37 de la ruta Coihueco\u2013Nahueltoro, en circunstancias que deber\u00e1n ser esclarecidas por la &hellip;<\/p>\n","protected":false},"author":1,"featured_media":48480,"comment_status":"open","ping_status":"open","sticky":false,"template":"","format":"standard","meta":{"footnotes":""},"categories":[25],"tags":[],"class_list":["post-52585","post","type-post","status-publish","format-standard","has-post-thumbnail","hentry","category-nuble"],"_links":{"self":[{"href":"https:\/\/radionuble.cl\/v1\/wp-json\/wp\/v2\/posts\/52585","targetHints":{"allow":["GET"]}}],"collection":[{"href":"https:\/\/radionuble.cl\/v1\/wp-json\/wp\/v2\/posts"}],"about":[{"href":"https:\/\/radionuble.cl\/v1\/wp-json\/wp\/v2\/types\/post"}],"author":[{"embeddable":true,"href":"https:\/\/radionuble.cl\/v1\/wp-json\/wp\/v2\/users\/1"}],"replies":[{"embeddable":true,"href":"https:\/\/radionuble.cl\/v1\/wp-json\/wp\/v2\/comments?post=52585"}],"version-history":[{"count":1,"href":"https:\/\/radionuble.cl\/v1\/wp-json\/wp\/v2\/posts\/52585\/revisions"}],"predecessor-version":[{"id":52586,"href":"https:\/\/radionuble.cl\/v1\/wp-json\/wp\/v2\/posts\/52585\/revisions\/52586"}],"wp:featuredmedia":[{"embeddable":true,"href":"https:\/\/radionuble.cl\/v1\/wp-json\/wp\/v2\/media\/48480"}],"wp:attachment":[{"href":"https:\/\/radionuble.cl\/v1\/wp-json\/wp\/v2\/media?parent=52585"}],"wp:term":[{"taxonomy":"category","embeddable":true,"href":"https:\/\/radionuble.cl\/v1\/wp-json\/wp\/v2\/categories?post=52585"},{"taxonomy":"post_tag","embeddable":true,"href":"https:\/\/radionuble.cl\/v1\/wp-json\/wp\/v2\/tags?post=52585"}],"curies":[{"name":"wp","href":"https:\/\/api.w.org\/{rel}","templated":true}]}}