{"id":52767,"date":"2026-03-02T17:53:17","date_gmt":"2026-03-02T17:53:17","guid":{"rendered":"https:\/\/radionuble.cl\/v1\/?p=52767"},"modified":"2026-03-02T17:53:17","modified_gmt":"2026-03-02T17:53:17","slug":"un-muerto-deja-accidente-en-cobquecura","status":"publish","type":"post","link":"https:\/\/radionuble.cl\/v1\/2026\/03\/02\/un-muerto-deja-accidente-en-cobquecura\/","title":{"rendered":"Un muerto deja accidente en Cobquecura"},"content":{"rendered":"<p data-start=\"94\" data-end=\"286\">Una mujer falleci\u00f3 la ma\u00f1ana de este lunes en un <strong data-start=\"143\" data-end=\"182\">accidente de tr\u00e1nsito en Cobquecura<\/strong>, luego de que el veh\u00edculo que conduc\u00eda impactara violentamente contra un \u00e1rbol a un costado de la ruta.<\/p>\n<p data-start=\"288\" data-end=\"519\">El siniestro se registr\u00f3 en la <strong data-start=\"319\" data-end=\"333\">ruta N-450<\/strong>, a la altura del kil\u00f3metro 1, hasta donde concurri\u00f3 personal especializado de la <strong data-start=\"415\" data-end=\"429\">SIAT \u00d1uble<\/strong>, tras ser instruido por la Fiscal\u00eda Local para esclarecer la din\u00e1mica y causas del hecho.<\/p>\n<p data-start=\"521\" data-end=\"740\">Seg\u00fan explic\u00f3 el oficial investigador de la unidad, teniente <strong data-start=\"582\" data-end=\"601\">Eric Leal Moena<\/strong>, el equipo realiz\u00f3 peritajes t\u00e9cnicos en el lugar utilizando metodolog\u00eda cient\u00edfica con el fin de determinar la causa basal del accidente.<\/p>\n<h3 data-start=\"742\" data-end=\"776\">Lo que se sabe preliminarmente<\/h3>\n<p data-start=\"778\" data-end=\"1150\">De acuerdo con los primeros antecedentes recopilados en el sitio del suceso, la conductora se desplazaba en direcci\u00f3n norte cuando, por causas que se investigan, enfrent\u00f3 una curva hacia la izquierda. En ese momento, el veh\u00edculo habr\u00eda sido proyectado de manera tangencial, lo que provoc\u00f3 la p\u00e9rdida de control y el posterior impacto contra un \u00e1rbol emplazado en la berma.<\/p>\n<p data-start=\"1152\" data-end=\"1252\">Producto de la gravedad de las lesiones sufridas, la mujer falleci\u00f3 en el mismo lugar del accidente.<\/p>\n<h3 data-start=\"1254\" data-end=\"1281\">Llamado a la prevenci\u00f3n<\/h3>\n<p data-start=\"1283\" data-end=\"1549\">Desde Carabineros reiteraron el llamado a los conductores a transitar a una <strong data-start=\"1359\" data-end=\"1393\">velocidad razonable y prudente<\/strong>, considerando el dise\u00f1o geom\u00e9trico de la v\u00eda, especialmente en sectores con curvas, adem\u00e1s de mantener atenci\u00f3n a las condiciones clim\u00e1ticas y del entorno.<\/p>\n<p data-start=\"1551\" data-end=\"1690\">La investigaci\u00f3n contin\u00faa para establecer con precisi\u00f3n las circunstancias que provocaron este nuevo hecho fatal en las rutas de la regi\u00f3n.<\/p>\n","protected":false},"excerpt":{"rendered":"<p>Una mujer falleci\u00f3 la ma\u00f1ana de este lunes en un accidente de tr\u00e1nsito en Cobquecura, luego de que el veh\u00edculo que conduc\u00eda impactara violentamente contra un \u00e1rbol a un costado de la ruta. El siniestro se registr\u00f3 en la ruta N-450, a la altura del kil\u00f3metro 1, hasta donde concurri\u00f3 personal especializado de la SIAT &hellip;<\/p>\n","protected":false},"author":1,"featured_media":48480,"comment_status":"open","ping_status":"open","sticky":false,"template":"","format":"standard","meta":{"footnotes":""},"categories":[25],"tags":[],"class_list":["post-52767","post","type-post","status-publish","format-standard","has-post-thumbnail","hentry","category-nuble"],"_links":{"self":[{"href":"https:\/\/radionuble.cl\/v1\/wp-json\/wp\/v2\/posts\/52767","targetHints":{"allow":["GET"]}}],"collection":[{"href":"https:\/\/radionuble.cl\/v1\/wp-json\/wp\/v2\/posts"}],"about":[{"href":"https:\/\/radionuble.cl\/v1\/wp-json\/wp\/v2\/types\/post"}],"author":[{"embeddable":true,"href":"https:\/\/radionuble.cl\/v1\/wp-json\/wp\/v2\/users\/1"}],"replies":[{"embeddable":true,"href":"https:\/\/radionuble.cl\/v1\/wp-json\/wp\/v2\/comments?post=52767"}],"version-history":[{"count":1,"href":"https:\/\/radionuble.cl\/v1\/wp-json\/wp\/v2\/posts\/52767\/revisions"}],"predecessor-version":[{"id":52768,"href":"https:\/\/radionuble.cl\/v1\/wp-json\/wp\/v2\/posts\/52767\/revisions\/52768"}],"wp:featuredmedia":[{"embeddable":true,"href":"https:\/\/radionuble.cl\/v1\/wp-json\/wp\/v2\/media\/48480"}],"wp:attachment":[{"href":"https:\/\/radionuble.cl\/v1\/wp-json\/wp\/v2\/media?parent=52767"}],"wp:term":[{"taxonomy":"category","embeddable":true,"href":"https:\/\/radionuble.cl\/v1\/wp-json\/wp\/v2\/categories?post=52767"},{"taxonomy":"post_tag","embeddable":true,"href":"https:\/\/radionuble.cl\/v1\/wp-json\/wp\/v2\/tags?post=52767"}],"curies":[{"name":"wp","href":"https:\/\/api.w.org\/{rel}","templated":true}]}}