{"id":52769,"date":"2026-03-02T19:04:40","date_gmt":"2026-03-02T19:04:40","guid":{"rendered":"https:\/\/radionuble.cl\/v1\/?p=52769"},"modified":"2026-03-02T19:04:40","modified_gmt":"2026-03-02T19:04:40","slug":"tragedia-en-chillan-viejo-conductor-distraido-termina-con-la-vida-de-mujer-en-plena-carretera","status":"publish","type":"post","link":"https:\/\/radionuble.cl\/v1\/2026\/03\/02\/tragedia-en-chillan-viejo-conductor-distraido-termina-con-la-vida-de-mujer-en-plena-carretera\/","title":{"rendered":"Tragedia en Chill\u00e1n Viejo: conductor distra\u00eddo termina con la vida de mujer en plena carretera"},"content":{"rendered":"<p data-start=\"103\" data-end=\"373\">Por los delitos de <strong data-start=\"122\" data-end=\"150\">cuasidelito de homicidio<\/strong> y <strong data-start=\"153\" data-end=\"193\">cuasidelito de lesiones menos graves<\/strong> fue formalizado un conductor de 30 a\u00f1os, tras protagonizar un accidente de tr\u00e1nsito que termin\u00f3 con la muerte de una mujer en la <strong data-start=\"323\" data-end=\"337\">Ruta 5 Sur<\/strong>, en la comuna de <strong data-start=\"355\" data-end=\"372\">Chill\u00e1n Viejo<\/strong>.<\/p>\n<p data-start=\"375\" data-end=\"606\">El hecho ocurri\u00f3 pasadas las 16:00 horas de ayer, a la altura del kil\u00f3metro 414, cuando el imputado, identificado como Roberto Vergara Vergara, impact\u00f3 por alcance al veh\u00edculo que lo anteced\u00eda, el cual era remolcado en ese momento.<\/p>\n<p data-start=\"608\" data-end=\"785\">Producto de la colisi\u00f3n falleci\u00f3 <strong data-start=\"641\" data-end=\"666\">Y\u00e9sica Garc\u00eda Sobarzo<\/strong>, quien viajaba como copiloto en el autom\u00f3vil remolcado. Adem\u00e1s, se registraron personas lesionadas a ra\u00edz del impacto.<\/p>\n<p data-start=\"787\" data-end=\"1016\">De acuerdo con las diligencias realizadas por Carabineros de la <strong data-start=\"851\" data-end=\"865\">SIAT \u00d1uble<\/strong>, el conductor no habr\u00eda estado atento a las condiciones del tr\u00e1nsito y no advirti\u00f3 la distancia con el veh\u00edculo que iba delante, provocando el choque.<\/p>\n<p data-start=\"1018\" data-end=\"1228\">En la audiencia de formalizaci\u00f3n, el <strong data-start=\"1055\" data-end=\"1089\">Juzgado de Garant\u00eda de Chill\u00e1n<\/strong> decret\u00f3 la medida cautelar de <strong data-start=\"1120\" data-end=\"1153\">prohibici\u00f3n de salir del pa\u00eds<\/strong> para el imputado y fij\u00f3 un plazo de <strong data-start=\"1190\" data-end=\"1227\">cinco meses para la investigaci\u00f3n<\/strong>.<\/p>\n<p data-start=\"1230\" data-end=\"1409\">La Fiscal\u00eda continuar\u00e1 desarrollando peritajes y recopilando antecedentes para esclarecer completamente la din\u00e1mica del accidente ocurrido en esta transitada v\u00eda del sur del pa\u00eds.<\/p>\n<p data-start=\"1411\" data-end=\"1599\" data-is-last-node=\"\" data-is-only-node=\"\">\n","protected":false},"excerpt":{"rendered":"<p>Por los delitos de cuasidelito de homicidio y cuasidelito de lesiones menos graves fue formalizado un conductor de 30 a\u00f1os, tras protagonizar un accidente de tr\u00e1nsito que termin\u00f3 con la muerte de una mujer en la Ruta 5 Sur, en la comuna de Chill\u00e1n Viejo. El hecho ocurri\u00f3 pasadas las 16:00 horas de ayer, a &hellip;<\/p>\n","protected":false},"author":1,"featured_media":48305,"comment_status":"open","ping_status":"open","sticky":false,"template":"","format":"standard","meta":{"footnotes":""},"categories":[24],"tags":[],"class_list":["post-52769","post","type-post","status-publish","format-standard","has-post-thumbnail","hentry","category-chillan"],"_links":{"self":[{"href":"https:\/\/radionuble.cl\/v1\/wp-json\/wp\/v2\/posts\/52769","targetHints":{"allow":["GET"]}}],"collection":[{"href":"https:\/\/radionuble.cl\/v1\/wp-json\/wp\/v2\/posts"}],"about":[{"href":"https:\/\/radionuble.cl\/v1\/wp-json\/wp\/v2\/types\/post"}],"author":[{"embeddable":true,"href":"https:\/\/radionuble.cl\/v1\/wp-json\/wp\/v2\/users\/1"}],"replies":[{"embeddable":true,"href":"https:\/\/radionuble.cl\/v1\/wp-json\/wp\/v2\/comments?post=52769"}],"version-history":[{"count":1,"href":"https:\/\/radionuble.cl\/v1\/wp-json\/wp\/v2\/posts\/52769\/revisions"}],"predecessor-version":[{"id":52770,"href":"https:\/\/radionuble.cl\/v1\/wp-json\/wp\/v2\/posts\/52769\/revisions\/52770"}],"wp:featuredmedia":[{"embeddable":true,"href":"https:\/\/radionuble.cl\/v1\/wp-json\/wp\/v2\/media\/48305"}],"wp:attachment":[{"href":"https:\/\/radionuble.cl\/v1\/wp-json\/wp\/v2\/media?parent=52769"}],"wp:term":[{"taxonomy":"category","embeddable":true,"href":"https:\/\/radionuble.cl\/v1\/wp-json\/wp\/v2\/categories?post=52769"},{"taxonomy":"post_tag","embeddable":true,"href":"https:\/\/radionuble.cl\/v1\/wp-json\/wp\/v2\/tags?post=52769"}],"curies":[{"name":"wp","href":"https:\/\/api.w.org\/{rel}","templated":true}]}}