{"id":52771,"date":"2026-03-02T19:37:46","date_gmt":"2026-03-02T19:37:46","guid":{"rendered":"https:\/\/radionuble.cl\/v1\/?p=52771"},"modified":"2026-03-02T19:37:46","modified_gmt":"2026-03-02T19:37:46","slug":"maria-jose-quintanilla-dara-concierto-gratuito-en-chillan","status":"publish","type":"post","link":"https:\/\/radionuble.cl\/v1\/2026\/03\/02\/maria-jose-quintanilla-dara-concierto-gratuito-en-chillan\/","title":{"rendered":"Mar\u00eda Jos\u00e9 Quintanilla dar\u00e1 concierto gratuito en Chill\u00e1n"},"content":{"rendered":"<p data-start=\"94\" data-end=\"374\">Este domingo 8 de marzo, la explanada del <strong data-start=\"136\" data-end=\"166\">Gobierno Regional de \u00d1uble<\/strong> ser\u00e1 el escenario del <strong data-start=\"189\" data-end=\"217\">Concierto de Verano 2026<\/strong>, un evento gratuito que marcar\u00e1 el cierre de la temporada estival en <strong data-start=\"287\" data-end=\"298\">Chill\u00e1n<\/strong> y que se enmarca en la conmemoraci\u00f3n del <strong data-start=\"340\" data-end=\"373\">D\u00eda Internacional de la Mujer<\/strong>.<\/p>\n<p data-start=\"376\" data-end=\"599\">La jornada comenzar\u00e1 a las 18:00 horas y tendr\u00e1 como principal protagonista a la reconocida cantante nacional <strong data-start=\"486\" data-end=\"512\">Mar\u00eda Jos\u00e9 Quintanilla<\/strong>, quien encabezar\u00e1 una parrilla art\u00edstica que tambi\u00e9n incluye talento local y regional.<\/p>\n<p data-start=\"601\" data-end=\"763\">La actividad es organizada por la <strong data-start=\"635\" data-end=\"680\">Corporaci\u00f3n Cultural Municipal de Chill\u00e1n<\/strong>, a trav\u00e9s del Teatro Municipal, y cuenta con financiamiento del Gobierno Regional.<\/p>\n<h3 data-start=\"765\" data-end=\"815\">Cultura, m\u00fasica y reconocimiento a las mujeres<\/h3>\n<p data-start=\"817\" data-end=\"997\">El alcalde de Chill\u00e1n y presidente de la Corporaci\u00f3n Cultural Municipal, <strong data-start=\"890\" data-end=\"910\">Camilo Benavente<\/strong>, destac\u00f3 que el evento busca fortalecer la cultura como espacio de encuentro familiar.<\/p>\n<p data-start=\"999\" data-end=\"1249\">\u201cQueremos que la cultura siga siendo un punto de encuentro para las familias de Chill\u00e1n. Cerraremos el verano con m\u00fasica y comunidad, y conmemoraremos el D\u00eda Internacional de la Mujer poniendo en valor el talento femenino sobre el escenario\u201d, se\u00f1al\u00f3.<\/p>\n<p data-start=\"1251\" data-end=\"1438\">Desde el Gobierno Regional, la jefa de la Divisi\u00f3n de Desarrollo Social y Humano, <strong data-start=\"1333\" data-end=\"1354\">Tamara Valenzuela<\/strong>, agreg\u00f3 que la jornada comenzar\u00e1 desde el mediod\u00eda con actividades complementarias.<\/p>\n<p data-start=\"1440\" data-end=\"1636\">A partir de las 12:00 horas, en conjunto con Sercotec, se desarrollar\u00e1 una feria con 25 stands de emprendedoras locales, adem\u00e1s de espacios de autocuidado, danza, peluquer\u00eda y talleres de masajes.<\/p>\n<h3 data-start=\"1638\" data-end=\"1674\">Talento local sobre el escenario<\/h3>\n<p data-start=\"1676\" data-end=\"1855\">El espect\u00e1culo tambi\u00e9n contar\u00e1 con la participaci\u00f3n de la solista local <strong data-start=\"1748\" data-end=\"1763\">Paz Jim\u00e9nez<\/strong> y del grupo regional <strong data-start=\"1785\" data-end=\"1802\">Violeta Brava<\/strong>, reforzando el espacio para artistas del territorio.<\/p>\n<p data-start=\"1857\" data-end=\"2047\">Paz Jim\u00e9nez adelant\u00f3 que su presentaci\u00f3n incluir\u00e1 repertorio de cumbia, composiciones propias y algunos covers, manifestando su entusiasmo por formar parte de una actividad de esta magnitud.<\/p>\n<p data-start=\"2049\" data-end=\"2169\">La animaci\u00f3n estar\u00e1 a cargo de la actriz y comediante <strong data-start=\"2103\" data-end=\"2119\">Renata Bravo<\/strong>, junto a la comunicadora local <strong data-start=\"2151\" data-end=\"2168\">Karen Pacheco<\/strong>.<\/p>\n<p data-start=\"2171\" data-end=\"2382\">Con esta actividad, Chill\u00e1n no solo dar\u00e1 cierre oficial al verano 2026, sino que tambi\u00e9n ofrecer\u00e1 un espacio de encuentro ciudadano y reconocimiento al aporte de las mujeres en la cultura y la sociedad regional.<\/p>\n","protected":false},"excerpt":{"rendered":"<p>Este domingo 8 de marzo, la explanada del Gobierno Regional de \u00d1uble ser\u00e1 el escenario del Concierto de Verano 2026, un evento gratuito que marcar\u00e1 el cierre de la temporada estival en Chill\u00e1n y que se enmarca en la conmemoraci\u00f3n del D\u00eda Internacional de la Mujer. La jornada comenzar\u00e1 a las 18:00 horas y tendr\u00e1 &hellip;<\/p>\n","protected":false},"author":1,"featured_media":52772,"comment_status":"open","ping_status":"open","sticky":false,"template":"","format":"standard","meta":{"footnotes":""},"categories":[24],"tags":[],"class_list":["post-52771","post","type-post","status-publish","format-standard","has-post-thumbnail","hentry","category-chillan"],"_links":{"self":[{"href":"https:\/\/radionuble.cl\/v1\/wp-json\/wp\/v2\/posts\/52771","targetHints":{"allow":["GET"]}}],"collection":[{"href":"https:\/\/radionuble.cl\/v1\/wp-json\/wp\/v2\/posts"}],"about":[{"href":"https:\/\/radionuble.cl\/v1\/wp-json\/wp\/v2\/types\/post"}],"author":[{"embeddable":true,"href":"https:\/\/radionuble.cl\/v1\/wp-json\/wp\/v2\/users\/1"}],"replies":[{"embeddable":true,"href":"https:\/\/radionuble.cl\/v1\/wp-json\/wp\/v2\/comments?post=52771"}],"version-history":[{"count":1,"href":"https:\/\/radionuble.cl\/v1\/wp-json\/wp\/v2\/posts\/52771\/revisions"}],"predecessor-version":[{"id":52773,"href":"https:\/\/radionuble.cl\/v1\/wp-json\/wp\/v2\/posts\/52771\/revisions\/52773"}],"wp:featuredmedia":[{"embeddable":true,"href":"https:\/\/radionuble.cl\/v1\/wp-json\/wp\/v2\/media\/52772"}],"wp:attachment":[{"href":"https:\/\/radionuble.cl\/v1\/wp-json\/wp\/v2\/media?parent=52771"}],"wp:term":[{"taxonomy":"category","embeddable":true,"href":"https:\/\/radionuble.cl\/v1\/wp-json\/wp\/v2\/categories?post=52771"},{"taxonomy":"post_tag","embeddable":true,"href":"https:\/\/radionuble.cl\/v1\/wp-json\/wp\/v2\/tags?post=52771"}],"curies":[{"name":"wp","href":"https:\/\/api.w.org\/{rel}","templated":true}]}}