{"id":52777,"date":"2026-03-02T19:56:35","date_gmt":"2026-03-02T19:56:35","guid":{"rendered":"https:\/\/radionuble.cl\/v1\/?p=52777"},"modified":"2026-03-02T19:56:35","modified_gmt":"2026-03-02T19:56:35","slug":"sarna-noruega-en-chile-que-es-y-como-se-contagia","status":"publish","type":"post","link":"https:\/\/radionuble.cl\/v1\/2026\/03\/02\/sarna-noruega-en-chile-que-es-y-como-se-contagia\/","title":{"rendered":"Sarna Noruega en Chile: \u00bfQu\u00e9 es y c\u00f3mo se contagia?"},"content":{"rendered":"<p data-start=\"103\" data-end=\"302\">Un <strong data-start=\"106\" data-end=\"132\">brote de sarna noruega<\/strong> fue detectado en el <strong data-start=\"153\" data-end=\"189\">Hospital Regional de Antofagasta<\/strong>, afectando a un adulto mayor y a 19 funcionarios, quienes actualmente se encuentran en aislamiento domiciliario.<\/p>\n<p data-start=\"304\" data-end=\"615\">El director del recinto, <strong data-start=\"329\" data-end=\"349\">Antonio C\u00e1rdenas<\/strong>, explic\u00f3 que la primera paciente ingres\u00f3 con lesiones cut\u00e1neas que inicialmente fueron atribuidas a una posible reacci\u00f3n a antibi\u00f3ticos. Sin embargo, tras la evaluaci\u00f3n de especialistas, se confirm\u00f3 el diagn\u00f3stico, lo que permiti\u00f3 identificar la cadena de contagio.<\/p>\n<h3 data-start=\"617\" data-end=\"646\">\u00bfQu\u00e9 es la sarna noruega?<\/h3>\n<p data-start=\"648\" data-end=\"930\">Seg\u00fan detall\u00f3 la autoridad, la <strong data-start=\"679\" data-end=\"688\">sarna<\/strong> es una enfermedad altamente contagiosa provocada por un \u00e1caro. En este caso, la paciente presenta <strong data-start=\"787\" data-end=\"804\">sarna noruega<\/strong>, una variante m\u00e1s severa que suele afectar a personas inmunodeprimidas y que se caracteriza por lesiones gruesas y costrosas.<\/p>\n<p data-start=\"932\" data-end=\"1077\">En tanto, los funcionarios contagiados desarrollaron <strong data-start=\"985\" data-end=\"1000\">sarna com\u00fan<\/strong>, que tiene buen pron\u00f3stico y no reviste gravedad en la mayor\u00eda de los casos.<\/p>\n<h3 data-start=\"1079\" data-end=\"1126\">C\u00f3mo se transmite y cu\u00e1les son los s\u00edntomas<\/h3>\n<p data-start=\"1128\" data-end=\"1343\">La transmisi\u00f3n ocurre por <strong data-start=\"1154\" data-end=\"1186\">contacto directo con la piel<\/strong> o a trav\u00e9s de ropa de cama y superficies contaminadas. El director aclar\u00f3 que no es necesario dormir con una persona contagiada para adquirir la enfermedad.<\/p>\n<p data-start=\"1345\" data-end=\"1549\">El principal s\u00edntoma es la <strong data-start=\"1372\" data-end=\"1391\">picaz\u00f3n intensa<\/strong>, especialmente durante la noche. En etapas iniciales puede confundirse con alergias, por lo que el antecedente de contacto resulta clave para el diagn\u00f3stico.<\/p>\n<h3 data-start=\"1551\" data-end=\"1572\">Medidas adoptadas<\/h3>\n<p data-start=\"1574\" data-end=\"1769\">La paciente fue aislada y se otorg\u00f3 licencia m\u00e9dica a los funcionarios afectados. Adem\u00e1s, se inici\u00f3 tratamiento preventivo para contactos estrechos, incluyendo personal y eventualmente pacientes.<\/p>\n<p data-start=\"1771\" data-end=\"1974\">Desde el hospital advirtieron que la cadena de contagio podr\u00eda ampliarse mientras se monitorea la evoluci\u00f3n del brote, aunque recalcaron que se est\u00e1n aplicando los protocolos sanitarios correspondientes.<\/p>\n<p data-start=\"1976\" data-end=\"2156\" data-is-last-node=\"\" data-is-only-node=\"\">\n","protected":false},"excerpt":{"rendered":"<p>Un brote de sarna noruega fue detectado en el Hospital Regional de Antofagasta, afectando a un adulto mayor y a 19 funcionarios, quienes actualmente se encuentran en aislamiento domiciliario. El director del recinto, Antonio C\u00e1rdenas, explic\u00f3 que la primera paciente ingres\u00f3 con lesiones cut\u00e1neas que inicialmente fueron atribuidas a una posible reacci\u00f3n a antibi\u00f3ticos. Sin &hellip;<\/p>\n","protected":false},"author":1,"featured_media":52778,"comment_status":"open","ping_status":"open","sticky":false,"template":"","format":"standard","meta":{"footnotes":""},"categories":[26],"tags":[],"class_list":["post-52777","post","type-post","status-publish","format-standard","has-post-thumbnail","hentry","category-pais"],"_links":{"self":[{"href":"https:\/\/radionuble.cl\/v1\/wp-json\/wp\/v2\/posts\/52777","targetHints":{"allow":["GET"]}}],"collection":[{"href":"https:\/\/radionuble.cl\/v1\/wp-json\/wp\/v2\/posts"}],"about":[{"href":"https:\/\/radionuble.cl\/v1\/wp-json\/wp\/v2\/types\/post"}],"author":[{"embeddable":true,"href":"https:\/\/radionuble.cl\/v1\/wp-json\/wp\/v2\/users\/1"}],"replies":[{"embeddable":true,"href":"https:\/\/radionuble.cl\/v1\/wp-json\/wp\/v2\/comments?post=52777"}],"version-history":[{"count":1,"href":"https:\/\/radionuble.cl\/v1\/wp-json\/wp\/v2\/posts\/52777\/revisions"}],"predecessor-version":[{"id":52779,"href":"https:\/\/radionuble.cl\/v1\/wp-json\/wp\/v2\/posts\/52777\/revisions\/52779"}],"wp:featuredmedia":[{"embeddable":true,"href":"https:\/\/radionuble.cl\/v1\/wp-json\/wp\/v2\/media\/52778"}],"wp:attachment":[{"href":"https:\/\/radionuble.cl\/v1\/wp-json\/wp\/v2\/media?parent=52777"}],"wp:term":[{"taxonomy":"category","embeddable":true,"href":"https:\/\/radionuble.cl\/v1\/wp-json\/wp\/v2\/categories?post=52777"},{"taxonomy":"post_tag","embeddable":true,"href":"https:\/\/radionuble.cl\/v1\/wp-json\/wp\/v2\/tags?post=52777"}],"curies":[{"name":"wp","href":"https:\/\/api.w.org\/{rel}","templated":true}]}}