{"id":52855,"date":"2026-03-06T12:58:43","date_gmt":"2026-03-06T12:58:43","guid":{"rendered":"https:\/\/radionuble.cl\/v1\/?p=52855"},"modified":"2026-03-06T12:58:43","modified_gmt":"2026-03-06T12:58:43","slug":"boric-reconoce-que-freno-decreto-del-cable-chino-para-conversarlo-con-kast","status":"publish","type":"post","link":"https:\/\/radionuble.cl\/v1\/2026\/03\/06\/boric-reconoce-que-freno-decreto-del-cable-chino-para-conversarlo-con-kast\/","title":{"rendered":"Boric reconoce que fren\u00f3 decreto del cable chino para conversarlo con Kast"},"content":{"rendered":"<p data-start=\"83\" data-end=\"386\">El presidente <span class=\"hover:entity-accent entity-underline inline cursor-pointer align-baseline\"><span class=\"whitespace-normal\">Gabriel Boric<\/span><\/span> reconoci\u00f3 que fue <strong data-start=\"153\" data-end=\"244\">su decisi\u00f3n retrotraer el decreto que otorgaba la concesi\u00f3n del cable submarino a China<\/strong>, explicando que buscaba <strong data-start=\"269\" data-end=\"385\">conversar el tema con el presidente electo <span class=\"hover:entity-accent entity-underline inline cursor-pointer align-baseline\"><span class=\"whitespace-normal\">Jos\u00e9 Antonio Kast<\/span><\/span> antes de avanzar con el proceso<\/strong>.<\/p>\n<p data-start=\"388\" data-end=\"611\">En entrevista con <strong data-start=\"406\" data-end=\"447\"><span class=\"hover:entity-accent entity-underline inline cursor-pointer align-baseline\"><span class=\"whitespace-normal\">24 Horas<\/span><\/span><\/strong>, el mandatario aclar\u00f3 que la medida respondi\u00f3 a la <strong data-start=\"499\" data-end=\"540\">sensibilidad geopol\u00edtica del proyecto<\/strong>, que ha generado tensiones internacionales y debate pol\u00edtico en Chile.<\/p>\n<p data-start=\"613\" data-end=\"850\">Inicialmente, desde la <span class=\"hover:entity-accent entity-underline inline cursor-pointer align-baseline\"><span class=\"whitespace-normal\">Subsecretar\u00eda de Telecomunicaciones<\/span><\/span> se hab\u00eda se\u00f1alado que la anulaci\u00f3n del decreto obedec\u00eda a <strong data-start=\"732\" data-end=\"770\">problemas t\u00e9cnicos en su redacci\u00f3n<\/strong>, mencionando incluso un posible <strong data-start=\"803\" data-end=\"833\">\u201cerror t\u00e9cnico o de tipeo\u201d<\/strong> en el documento.<\/p>\n<p data-start=\"852\" data-end=\"980\">Sin embargo, Boric explic\u00f3 que la decisi\u00f3n fue <strong data-start=\"899\" data-end=\"924\">deliberada y pol\u00edtica<\/strong>, considerando el momento de transici\u00f3n entre gobiernos.<\/p>\n<p data-start=\"982\" data-end=\"1144\">\u201cDado lo delicado del asunto, la decisi\u00f3n que tom\u00e9 fue no avanzar a matacaballo y conversar con el presidente electo para tomar una decisi\u00f3n en conjunto\u201d, afirm\u00f3.<\/p>\n<p data-start=\"1146\" data-end=\"1348\">El jefe de Estado detall\u00f3 que el decreto <strong data-start=\"1187\" data-end=\"1284\">no ten\u00eda efecto pr\u00e1ctico mientras no fuera enviado a la <span class=\"hover:entity-accent entity-underline inline cursor-pointer align-baseline\"><span class=\"whitespace-normal\">Contralor\u00eda General de la Rep\u00fablica<\/span><\/span><\/strong>, organismo que debe revisar y validar este tipo de concesiones.<\/p>\n<p data-start=\"1350\" data-end=\"1526\">\u201cSi se env\u00eda a Contralor\u00eda comienza toda la autorizaci\u00f3n de la concesi\u00f3n. Yo dije: no lo enviemos todav\u00eda y esperemos tener una conversaci\u00f3n con el gobierno entrante\u201d, sostuvo.<\/p>\n<p data-start=\"1528\" data-end=\"1749\">El mandatario agreg\u00f3 que la intenci\u00f3n fue <strong data-start=\"1570\" data-end=\"1631\">actuar con transparencia y resguardar el inter\u00e9s del pa\u00eds<\/strong>, se\u00f1alando que decisiones estrat\u00e9gicas como esta deben ser discutidas entre la administraci\u00f3n saliente y la entrante.<\/p>\n<p data-start=\"1751\" data-end=\"1990\">La controversia en torno al proyecto del <strong data-start=\"1792\" data-end=\"1831\">cable submarino entre Chile y China<\/strong> se ha intensificado en las \u00faltimas semanas, especialmente luego de que surgieran versiones sobre <strong data-start=\"1929\" data-end=\"1960\">presiones de Estados Unidos<\/strong> para reconsiderar el acuerdo.<\/p>\n<p data-start=\"1992\" data-end=\"2167\" data-is-last-node=\"\" data-is-only-node=\"\">\n","protected":false},"excerpt":{"rendered":"<p>El presidente Gabriel Boric reconoci\u00f3 que fue su decisi\u00f3n retrotraer el decreto que otorgaba la concesi\u00f3n del cable submarino a China, explicando que buscaba conversar el tema con el presidente electo Jos\u00e9 Antonio Kast antes de avanzar con el proceso. En entrevista con 24 Horas, el mandatario aclar\u00f3 que la medida respondi\u00f3 a la sensibilidad &hellip;<\/p>\n","protected":false},"author":1,"featured_media":50244,"comment_status":"open","ping_status":"open","sticky":false,"template":"","format":"standard","meta":{"footnotes":""},"categories":[26],"tags":[],"class_list":["post-52855","post","type-post","status-publish","format-standard","has-post-thumbnail","hentry","category-pais"],"_links":{"self":[{"href":"https:\/\/radionuble.cl\/v1\/wp-json\/wp\/v2\/posts\/52855","targetHints":{"allow":["GET"]}}],"collection":[{"href":"https:\/\/radionuble.cl\/v1\/wp-json\/wp\/v2\/posts"}],"about":[{"href":"https:\/\/radionuble.cl\/v1\/wp-json\/wp\/v2\/types\/post"}],"author":[{"embeddable":true,"href":"https:\/\/radionuble.cl\/v1\/wp-json\/wp\/v2\/users\/1"}],"replies":[{"embeddable":true,"href":"https:\/\/radionuble.cl\/v1\/wp-json\/wp\/v2\/comments?post=52855"}],"version-history":[{"count":1,"href":"https:\/\/radionuble.cl\/v1\/wp-json\/wp\/v2\/posts\/52855\/revisions"}],"predecessor-version":[{"id":52856,"href":"https:\/\/radionuble.cl\/v1\/wp-json\/wp\/v2\/posts\/52855\/revisions\/52856"}],"wp:featuredmedia":[{"embeddable":true,"href":"https:\/\/radionuble.cl\/v1\/wp-json\/wp\/v2\/media\/50244"}],"wp:attachment":[{"href":"https:\/\/radionuble.cl\/v1\/wp-json\/wp\/v2\/media?parent=52855"}],"wp:term":[{"taxonomy":"category","embeddable":true,"href":"https:\/\/radionuble.cl\/v1\/wp-json\/wp\/v2\/categories?post=52855"},{"taxonomy":"post_tag","embeddable":true,"href":"https:\/\/radionuble.cl\/v1\/wp-json\/wp\/v2\/tags?post=52855"}],"curies":[{"name":"wp","href":"https:\/\/api.w.org\/{rel}","templated":true}]}}