{"id":52857,"date":"2026-03-06T13:19:56","date_gmt":"2026-03-06T13:19:56","guid":{"rendered":"https:\/\/radionuble.cl\/v1\/?p=52857"},"modified":"2026-03-06T13:19:56","modified_gmt":"2026-03-06T13:19:56","slug":"trump-reune-a-kast-milei-y-bukele-en-miami-en-cumbre-de-la-derecha-latinoamericana","status":"publish","type":"post","link":"https:\/\/radionuble.cl\/v1\/2026\/03\/06\/trump-reune-a-kast-milei-y-bukele-en-miami-en-cumbre-de-la-derecha-latinoamericana\/","title":{"rendered":"Trump re\u00fane a Kast, Milei y Bukele en Miami en cumbre de la derecha latinoamericana"},"content":{"rendered":"<p data-start=\"92\" data-end=\"582\">El presidente de Estados Unidos,\u00a0<span class=\"hover:entity-accent entity-underline inline cursor-pointer align-baseline\"><span class=\"whitespace-normal\">Donald Trump<\/span><\/span>, encabezar\u00e1 este s\u00e1bado en Miami una reuni\u00f3n con l\u00edderes conservadores de Am\u00e9rica Latina, entre ellos el presidente electo de Chile,\u00a0<span class=\"hover:entity-accent entity-underline inline cursor-pointer align-baseline\"><span class=\"whitespace-normal\">Jos\u00e9 Antonio Kast<\/span><\/span>, el mandatario argentino\u00a0<span class=\"hover:entity-accent entity-underline inline cursor-pointer align-baseline\"><span class=\"whitespace-normal\">Javier Milei<\/span><\/span>\u00a0y el salvadore\u00f1o\u00a0<span class=\"hover:entity-accent entity-underline inline cursor-pointer align-baseline\"><span class=\"whitespace-normal\">Nayib Bukele<\/span><\/span>, en un encuentro que algunos analistas ya califican como\u00a0<strong data-start=\"509\" data-end=\"581\">una nueva \u201cCumbre de las Am\u00e9ricas\u201d impulsada por la derecha regional<\/strong>.<\/p>\n<p data-start=\"584\" data-end=\"803\">La cita, denominada\u00a0<strong data-start=\"604\" data-end=\"643\">\u201cCumbre del Escudo de las Am\u00e9ricas\u201d<\/strong>, busca consolidar a Miami como el epicentro de un bloque latinoamericano alineado con Washington en temas como migraci\u00f3n, narcotr\u00e1fico y seguridad hemisf\u00e9rica.<\/p>\n<p data-start=\"805\" data-end=\"1200\">Adem\u00e1s de Kast, Milei y Bukele, asistir\u00e1n otros l\u00edderes regionales como el presidente ecuatoriano\u00a0<span class=\"hover:entity-accent entity-underline inline cursor-pointer align-baseline\"><span class=\"whitespace-normal\">Daniel Noboa<\/span><\/span>, el mandatario paraguayo\u00a0<span class=\"hover:entity-accent entity-underline inline cursor-pointer align-baseline\"><span class=\"whitespace-normal\">Santiago Pe\u00f1a<\/span><\/span>, el presidente dominicano\u00a0<span class=\"hover:entity-accent entity-underline inline cursor-pointer align-baseline\"><span class=\"whitespace-normal\">Luis Abinader<\/span><\/span>, el paname\u00f1o\u00a0<span class=\"hover:entity-accent entity-underline inline cursor-pointer align-baseline\"><span class=\"whitespace-normal\">Jos\u00e9 Ra\u00fal Mulino<\/span><\/span>\u00a0y la primera ministra de Trinidad y Tobago\u00a0<span class=\"hover:entity-accent entity-underline inline cursor-pointer align-baseline\"><span class=\"whitespace-normal\">Kamla Persad-Bissessar<\/span><\/span>.<\/p>\n<div class=\"code-block code-block-4\">\n<div id=\"sas_99435\"><\/div>\n<\/div>\n<p data-start=\"1202\" data-end=\"1467\">Expertos sostienen que la reuni\u00f3n busca reemplazar el modelo tradicional de la\u00a0<strong data-start=\"1281\" data-end=\"1322\"><span class=\"hover:entity-accent entity-underline inline cursor-pointer align-baseline\"><span class=\"whitespace-normal\">Cumbre de las Am\u00e9ricas<\/span><\/span><\/strong>, creado durante el gobierno de\u00a0<span class=\"hover:entity-accent entity-underline inline cursor-pointer align-baseline\"><span class=\"whitespace-normal\">Bill Clinton<\/span><\/span>, pero esta vez\u00a0<strong data-start=\"1409\" data-end=\"1466\">limitado a gobiernos ideol\u00f3gicamente cercanos a Trump<\/strong>.<\/p>\n<p data-start=\"1469\" data-end=\"1699\">En ese contexto, varios gobiernos de izquierda quedaron fuera del encuentro, entre ellos los liderados por\u00a0<span class=\"hover:entity-accent entity-underline inline cursor-pointer align-baseline\"><span class=\"whitespace-normal\">Claudia Sheinbaum<\/span><\/span>,\u00a0<span class=\"hover:entity-accent entity-underline inline cursor-pointer align-baseline\"><span class=\"whitespace-normal\">Luiz In\u00e1cio Lula da Silva<\/span><\/span>\u00a0y\u00a0<span class=\"hover:entity-accent entity-underline inline cursor-pointer align-baseline\"><span class=\"whitespace-normal\">Gustavo Petro<\/span><\/span>.<\/p>\n<p data-start=\"1701\" data-end=\"1980\">Seg\u00fan analistas internacionales, el encuentro tambi\u00e9n se enmarca dentro del fortalecimiento de la llamada\u00a0<strong data-start=\"1807\" data-end=\"1850\"><span class=\"hover:entity-accent entity-underline inline cursor-pointer align-baseline\"><span class=\"whitespace-normal\">Doctrina Monroe<\/span><\/span><\/strong>, con la que Washington busca\u00a0<strong data-start=\"1880\" data-end=\"1979\">reforzar su influencia en la regi\u00f3n y contrarrestar la presencia de potencias como China e Ir\u00e1n<\/strong>.<\/p>\n<p data-start=\"1982\" data-end=\"2200\">Durante la cumbre, los l\u00edderes discutir\u00e1n temas como\u00a0<strong data-start=\"2035\" data-end=\"2138\">migraci\u00f3n irregular, combate al narcotr\u00e1fico, crimen organizado y cooperaci\u00f3n en seguridad regional<\/strong>, adem\u00e1s de revisar la influencia extranjera en el hemisferio.<\/p>\n<p data-start=\"2202\" data-end=\"2433\">El evento tambi\u00e9n consolida a Miami como\u00a0<strong data-start=\"2243\" data-end=\"2317\">uno de los principales centros pol\u00edticos de la derecha latinoamericana<\/strong>, una ciudad que hist\u00f3ricamente ha reunido a comunidades y l\u00edderes opositores a gobiernos de izquierda en la regi\u00f3n.<\/p>\n","protected":false},"excerpt":{"rendered":"<p>El presidente de Estados Unidos,\u00a0Donald Trump, encabezar\u00e1 este s\u00e1bado en Miami una reuni\u00f3n con l\u00edderes conservadores de Am\u00e9rica Latina, entre ellos el presidente electo de Chile,\u00a0Jos\u00e9 Antonio Kast, el mandatario argentino\u00a0Javier Milei\u00a0y el salvadore\u00f1o\u00a0Nayib Bukele, en un encuentro que algunos analistas ya califican como\u00a0una nueva \u201cCumbre de las Am\u00e9ricas\u201d impulsada por la derecha regional. La &hellip;<\/p>\n","protected":false},"author":1,"featured_media":52858,"comment_status":"open","ping_status":"open","sticky":false,"template":"","format":"standard","meta":{"footnotes":""},"categories":[26],"tags":[],"class_list":["post-52857","post","type-post","status-publish","format-standard","has-post-thumbnail","hentry","category-pais"],"_links":{"self":[{"href":"https:\/\/radionuble.cl\/v1\/wp-json\/wp\/v2\/posts\/52857","targetHints":{"allow":["GET"]}}],"collection":[{"href":"https:\/\/radionuble.cl\/v1\/wp-json\/wp\/v2\/posts"}],"about":[{"href":"https:\/\/radionuble.cl\/v1\/wp-json\/wp\/v2\/types\/post"}],"author":[{"embeddable":true,"href":"https:\/\/radionuble.cl\/v1\/wp-json\/wp\/v2\/users\/1"}],"replies":[{"embeddable":true,"href":"https:\/\/radionuble.cl\/v1\/wp-json\/wp\/v2\/comments?post=52857"}],"version-history":[{"count":1,"href":"https:\/\/radionuble.cl\/v1\/wp-json\/wp\/v2\/posts\/52857\/revisions"}],"predecessor-version":[{"id":52859,"href":"https:\/\/radionuble.cl\/v1\/wp-json\/wp\/v2\/posts\/52857\/revisions\/52859"}],"wp:featuredmedia":[{"embeddable":true,"href":"https:\/\/radionuble.cl\/v1\/wp-json\/wp\/v2\/media\/52858"}],"wp:attachment":[{"href":"https:\/\/radionuble.cl\/v1\/wp-json\/wp\/v2\/media?parent=52857"}],"wp:term":[{"taxonomy":"category","embeddable":true,"href":"https:\/\/radionuble.cl\/v1\/wp-json\/wp\/v2\/categories?post=52857"},{"taxonomy":"post_tag","embeddable":true,"href":"https:\/\/radionuble.cl\/v1\/wp-json\/wp\/v2\/tags?post=52857"}],"curies":[{"name":"wp","href":"https:\/\/api.w.org\/{rel}","templated":true}]}}