{"id":52860,"date":"2026-03-06T13:33:47","date_gmt":"2026-03-06T13:33:47","guid":{"rendered":"https:\/\/radionuble.cl\/v1\/?p=52860"},"modified":"2026-03-06T13:33:47","modified_gmt":"2026-03-06T13:33:47","slug":"homicidios-bajan-en-nuble-durante-2025-region-registra-15-victimas-y-consolida-tendencia-a-la-baja","status":"publish","type":"post","link":"https:\/\/radionuble.cl\/v1\/2026\/03\/06\/homicidios-bajan-en-nuble-durante-2025-region-registra-15-victimas-y-consolida-tendencia-a-la-baja\/","title":{"rendered":"Homicidios bajan en \u00d1uble durante 2025: regi\u00f3n registra 15 v\u00edctimas y consolida tendencia a la baja"},"content":{"rendered":"<p data-start=\"104\" data-end=\"442\">Una <strong data-start=\"108\" data-end=\"152\">disminuci\u00f3n en los homicidios consumados<\/strong> registr\u00f3 la regi\u00f3n de \u00d1uble durante 2025, seg\u00fan el \u00faltimo informe nacional sobre v\u00edctimas de homicidio. De acuerdo con los datos oficiales, el a\u00f1o pasado se contabilizaron <strong data-start=\"325\" data-end=\"340\">15 v\u00edctimas<\/strong>, cinco menos que en 2024, cuando se registraron <strong data-start=\"389\" data-end=\"401\">20 casos<\/strong>.<\/p>\n<p data-start=\"444\" data-end=\"672\">La reducci\u00f3n tambi\u00e9n se refleja en la tasa regional: <strong data-start=\"497\" data-end=\"555\">pas\u00f3 de 3,8 a 2,9 v\u00edctimas por cada 100 mil habitantes<\/strong>, lo que confirma una tendencia a la baja en la violencia letal en la regi\u00f3n.<\/p>\n<p data-start=\"674\" data-end=\"931\">A nivel nacional, el informe indica que durante 2025 hubo <strong data-start=\"732\" data-end=\"763\">1.091 v\u00edctimas de homicidio<\/strong>, cifra que representa una disminuci\u00f3n de <strong data-start=\"805\" data-end=\"839\">11,5% respecto al a\u00f1o anterior<\/strong>, cuando se registraron 1.209 casos en todo el pa\u00eds.<\/p>\n<p data-start=\"933\" data-end=\"1092\">El seremi de Seguridad P\u00fablica de \u00d1uble, <strong data-start=\"974\" data-end=\"989\">Jorge Mu\u00f1oz<\/strong>, destac\u00f3 que esta reducci\u00f3n responde a un trabajo coordinado entre distintas instituciones del Estado.<\/p>\n<p data-start=\"1094\" data-end=\"1309\">\u201cEn 2025 fueron 15 las v\u00edctimas de homicidio en \u00d1uble, mientras que en 2024 fueron 20. Esto muestra una baja importante en la tasa regional. Queremos que \u00d1uble siga siendo una regi\u00f3n tranquila\u201d, se\u00f1al\u00f3 la autoridad.<\/p>\n<p data-start=\"1311\" data-end=\"1511\">Mu\u00f1oz explic\u00f3 adem\u00e1s que <strong data-start=\"1336\" data-end=\"1421\">la mayor\u00eda de los homicidios en la regi\u00f3n se produce en contextos interpersonales<\/strong>, es decir, conflictos entre personas que se conocen, y no vinculados a crimen organizado.<\/p>\n<p data-start=\"1513\" data-end=\"1688\">\u201cCasi el 73% de los casos corresponde a situaciones interpersonales, lo que muestra que no existe un contexto de bandas o crimen organizado predominante en la regi\u00f3n\u201d, agreg\u00f3.<\/p>\n<p data-start=\"1690\" data-end=\"1942\">Desde el Ministerio P\u00fablico tambi\u00e9n valoraron los resultados del informe. El fiscal jefe de An\u00e1lisis Criminal de \u00d1uble, <strong data-start=\"1810\" data-end=\"1831\">Rolando Canahuate<\/strong>, sostuvo que la disminuci\u00f3n es significativa, pero subray\u00f3 adem\u00e1s la efectividad investigativa en estos casos.<\/p>\n<p data-start=\"1944\" data-end=\"2206\">\u201cLas cifras hablan por s\u00ed solas. Pasamos de 20 homicidios en 2024 a 15 en 2025. Pero adem\u00e1s es importante destacar que estos casos han sido resueltos desde el punto de vista investigativo, con imputados formalizados gracias al trabajo de ambas polic\u00edas\u201d, indic\u00f3.<\/p>\n<p data-start=\"2208\" data-end=\"2452\">Seg\u00fan el informe, <strong data-start=\"2226\" data-end=\"2308\">el principal contexto de homicidios en \u00d1uble durante 2025 fue el interpersonal<\/strong>, que concentr\u00f3 <strong data-start=\"2324\" data-end=\"2346\">73,3% de los casos<\/strong>, mientras que un 20% estuvo asociado a delitos u otros contextos.<\/p>\n<p data-start=\"2454\" data-end=\"2674\">Las autoridades se\u00f1alaron que continuar\u00e1n fortaleciendo las estrategias de prevenci\u00f3n y persecuci\u00f3n penal con el objetivo de mantener la tendencia a la baja en los delitos m\u00e1s graves y reforzar la seguridad en la regi\u00f3n.<\/p>\n","protected":false},"excerpt":{"rendered":"<p>Una disminuci\u00f3n en los homicidios consumados registr\u00f3 la regi\u00f3n de \u00d1uble durante 2025, seg\u00fan el \u00faltimo informe nacional sobre v\u00edctimas de homicidio. De acuerdo con los datos oficiales, el a\u00f1o pasado se contabilizaron 15 v\u00edctimas, cinco menos que en 2024, cuando se registraron 20 casos. La reducci\u00f3n tambi\u00e9n se refleja en la tasa regional: pas\u00f3 &hellip;<\/p>\n","protected":false},"author":1,"featured_media":48974,"comment_status":"open","ping_status":"open","sticky":false,"template":"","format":"standard","meta":{"footnotes":""},"categories":[25],"tags":[],"class_list":["post-52860","post","type-post","status-publish","format-standard","has-post-thumbnail","hentry","category-nuble"],"_links":{"self":[{"href":"https:\/\/radionuble.cl\/v1\/wp-json\/wp\/v2\/posts\/52860","targetHints":{"allow":["GET"]}}],"collection":[{"href":"https:\/\/radionuble.cl\/v1\/wp-json\/wp\/v2\/posts"}],"about":[{"href":"https:\/\/radionuble.cl\/v1\/wp-json\/wp\/v2\/types\/post"}],"author":[{"embeddable":true,"href":"https:\/\/radionuble.cl\/v1\/wp-json\/wp\/v2\/users\/1"}],"replies":[{"embeddable":true,"href":"https:\/\/radionuble.cl\/v1\/wp-json\/wp\/v2\/comments?post=52860"}],"version-history":[{"count":1,"href":"https:\/\/radionuble.cl\/v1\/wp-json\/wp\/v2\/posts\/52860\/revisions"}],"predecessor-version":[{"id":52861,"href":"https:\/\/radionuble.cl\/v1\/wp-json\/wp\/v2\/posts\/52860\/revisions\/52861"}],"wp:featuredmedia":[{"embeddable":true,"href":"https:\/\/radionuble.cl\/v1\/wp-json\/wp\/v2\/media\/48974"}],"wp:attachment":[{"href":"https:\/\/radionuble.cl\/v1\/wp-json\/wp\/v2\/media?parent=52860"}],"wp:term":[{"taxonomy":"category","embeddable":true,"href":"https:\/\/radionuble.cl\/v1\/wp-json\/wp\/v2\/categories?post=52860"},{"taxonomy":"post_tag","embeddable":true,"href":"https:\/\/radionuble.cl\/v1\/wp-json\/wp\/v2\/tags?post=52860"}],"curies":[{"name":"wp","href":"https:\/\/api.w.org\/{rel}","templated":true}]}}