{"id":52862,"date":"2026-03-06T14:48:43","date_gmt":"2026-03-06T14:48:43","guid":{"rendered":"https:\/\/radionuble.cl\/v1\/?p=52862"},"modified":"2026-03-06T14:48:43","modified_gmt":"2026-03-06T14:48:43","slug":"agricultores-de-nuble-estrenan-nueva-tienda-campesina-en-el-vivo-outlet","status":"publish","type":"post","link":"https:\/\/radionuble.cl\/v1\/2026\/03\/06\/agricultores-de-nuble-estrenan-nueva-tienda-campesina-en-el-vivo-outlet\/","title":{"rendered":"Agricultores de \u00d1uble estrenan nueva Tienda Campesina en el VIVO Outlet"},"content":{"rendered":"<p style=\"font-weight: 400;\">Miel, mermeladas, tejidos, cer\u00e1mica y otros productos elaborados por manos campesinas hoy cuentan con una vitrina m\u00e1s visible en la capital regional. INDAP reinaugur\u00f3 la Tienda Campesina de \u00d1uble en un nuevo y mejorado m\u00f3dulo ubicado en el patio central del centro comercial VIVO Outlet Chill\u00e1n, gracias al convenio de colaboraci\u00f3n entre ambas instituciones.<\/p>\n<p style=\"font-weight: 400;\">El espacio permitir\u00e1 fortalecer la comercializaci\u00f3n de los productos de la Agricultura Familiar Campesina de la regi\u00f3n.<\/p>\n<p style=\"font-weight: 400;\">La tienda re\u00fane actualmente a 21 agricultores y artesanos, quienes venden directamente sus productos al p\u00fablico, acortando la distancia entre el mundo rural y los consumidores urbanos. El nuevo m\u00f3dulo busca mejorar el flujo de visitantes y generar mayores oportunidades de venta para las familias campesinas que forman parte de esta iniciativa.<\/p>\n<p style=\"font-weight: 400;\">Para esta nueva etapa, INDAP destin\u00f3 22 millones de pesos en infraestructura para la construcci\u00f3n y habilitaci\u00f3n del m\u00f3dulo, adem\u00e1s de 44 millones de pesos para la gesti\u00f3n comercial, equipo encargado de acompa\u00f1ar a los productores en estrategias de venta, presentaci\u00f3n de productos y posicionamiento en el mercado.<\/p>\n<p style=\"font-weight: 400;\">La Tienda Campesina de \u00d1uble fue inaugurada en septiembre de 2024 como una experiencia piloto de colaboraci\u00f3n p\u00fablico-privada entre INDAP \u00d1uble y VIVO Outlet, alianza que busca abrir nuevos espacios de comercializaci\u00f3n para la producci\u00f3n campesina regional.<\/p>\n<p style=\"font-weight: 400;\">En su primer a\u00f1o de funcionamiento, el espacio gener\u00f3 ventas cercanas a los 20 millones de pesos, consolid\u00e1ndose como una vitrina permanente para los productos de peque\u00f1os agricultores de la regi\u00f3n.<\/p>\n<p style=\"font-weight: 400;\">La iniciativa se enmarca en el modelo de Circuitos Cortos de Comercializaci\u00f3n de INDAP, que promueve la venta directa o con un solo intermediario, permitiendo mejorar los ingresos de los productores y fortalecer la econom\u00eda local.<\/p>\n<p style=\"font-weight: 400;\">En la Regi\u00f3n de \u00d1uble, INDAP trabaja con cerca de 14.000 usuarios, pero solo un 3 % declara como actividad principal la artesan\u00eda o la producci\u00f3n de agroelaborados, rubros que enfrentan mayores dificultades para acceder a mercados formales. En ese contexto, la Tienda Campesina surge como una respuesta concreta para visibilizar estos productos, fortalecer su comercializaci\u00f3n y acercar la producci\u00f3n rural a la ciudad.<\/p>\n<p style=\"font-weight: 400;\">\n","protected":false},"excerpt":{"rendered":"<p>Miel, mermeladas, tejidos, cer\u00e1mica y otros productos elaborados por manos campesinas hoy cuentan con una vitrina m\u00e1s visible en la capital regional. INDAP reinaugur\u00f3 la Tienda Campesina de \u00d1uble en un nuevo y mejorado m\u00f3dulo ubicado en el patio central del centro comercial VIVO Outlet Chill\u00e1n, gracias al convenio de colaboraci\u00f3n entre ambas instituciones. El &hellip;<\/p>\n","protected":false},"author":2,"featured_media":52863,"comment_status":"open","ping_status":"open","sticky":false,"template":"","format":"standard","meta":{"footnotes":""},"categories":[1],"tags":[],"class_list":["post-52862","post","type-post","status-publish","format-standard","has-post-thumbnail","hentry","category-uncategorized"],"_links":{"self":[{"href":"https:\/\/radionuble.cl\/v1\/wp-json\/wp\/v2\/posts\/52862","targetHints":{"allow":["GET"]}}],"collection":[{"href":"https:\/\/radionuble.cl\/v1\/wp-json\/wp\/v2\/posts"}],"about":[{"href":"https:\/\/radionuble.cl\/v1\/wp-json\/wp\/v2\/types\/post"}],"author":[{"embeddable":true,"href":"https:\/\/radionuble.cl\/v1\/wp-json\/wp\/v2\/users\/2"}],"replies":[{"embeddable":true,"href":"https:\/\/radionuble.cl\/v1\/wp-json\/wp\/v2\/comments?post=52862"}],"version-history":[{"count":1,"href":"https:\/\/radionuble.cl\/v1\/wp-json\/wp\/v2\/posts\/52862\/revisions"}],"predecessor-version":[{"id":52864,"href":"https:\/\/radionuble.cl\/v1\/wp-json\/wp\/v2\/posts\/52862\/revisions\/52864"}],"wp:featuredmedia":[{"embeddable":true,"href":"https:\/\/radionuble.cl\/v1\/wp-json\/wp\/v2\/media\/52863"}],"wp:attachment":[{"href":"https:\/\/radionuble.cl\/v1\/wp-json\/wp\/v2\/media?parent=52862"}],"wp:term":[{"taxonomy":"category","embeddable":true,"href":"https:\/\/radionuble.cl\/v1\/wp-json\/wp\/v2\/categories?post=52862"},{"taxonomy":"post_tag","embeddable":true,"href":"https:\/\/radionuble.cl\/v1\/wp-json\/wp\/v2\/tags?post=52862"}],"curies":[{"name":"wp","href":"https:\/\/api.w.org\/{rel}","templated":true}]}}