{"id":52980,"date":"2026-03-12T16:35:04","date_gmt":"2026-03-12T16:35:04","guid":{"rendered":"https:\/\/radionuble.cl\/v1\/?p=52980"},"modified":"2026-03-12T16:35:04","modified_gmt":"2026-03-12T16:35:04","slug":"juan-cruz-real-deja-la-banca-de-la-u-de-concepcion-por-motivos-personales","status":"publish","type":"post","link":"https:\/\/radionuble.cl\/v1\/2026\/03\/12\/juan-cruz-real-deja-la-banca-de-la-u-de-concepcion-por-motivos-personales\/","title":{"rendered":"Juan Cruz Real deja la banca de la U. de Concepci\u00f3n por motivos personales"},"content":{"rendered":"<p>La Universidad de Concepci\u00f3n confirm\u00f3 la salida de su director t\u00e9cnico, Juan Cruz Real, quien dej\u00f3 el cargo por motivos personales. El entrenador argentino decidi\u00f3 dar un paso al costado para viajar al extranjero y atender asuntos familiares que le impiden continuar al mando del plantel.<\/p>\n<p>A ra\u00edz de esta situaci\u00f3n, el estratega no estuvo presente en el \u00faltimo encuentro del \u201cCampanil\u201d frente a Universidad de Chile, partido que termin\u00f3 en empate y que fue dirigido por el cuerpo t\u00e9cnico interino. Su ausencia ya hab\u00eda generado incertidumbre en la antesala del compromiso.<\/p>\n<p>Tras su salida, Universidad de Concepci\u00f3n deber\u00e1 reorganizar su estructura t\u00e9cnica mientras la dirigencia eval\u00faa las alternativas para definir qui\u00e9n asumir\u00e1 la conducci\u00f3n del equipo en el Campeonato Nacional, en medio del desarrollo de la temporada.<\/p>\n","protected":false},"excerpt":{"rendered":"<p>La Universidad de Concepci\u00f3n confirm\u00f3 la salida de su director t\u00e9cnico, Juan Cruz Real, quien dej\u00f3 el cargo por motivos personales. El entrenador argentino decidi\u00f3 dar un paso al costado para viajar al extranjero y atender asuntos familiares que le impiden continuar al mando del plantel. A ra\u00edz de esta situaci\u00f3n, el estratega no estuvo &hellip;<\/p>\n","protected":false},"author":5,"featured_media":52981,"comment_status":"open","ping_status":"open","sticky":false,"template":"","format":"standard","meta":{"footnotes":""},"categories":[28,33],"tags":[],"class_list":["post-52980","post","type-post","status-publish","format-standard","has-post-thumbnail","hentry","category-deportes","category-noticias"],"_links":{"self":[{"href":"https:\/\/radionuble.cl\/v1\/wp-json\/wp\/v2\/posts\/52980","targetHints":{"allow":["GET"]}}],"collection":[{"href":"https:\/\/radionuble.cl\/v1\/wp-json\/wp\/v2\/posts"}],"about":[{"href":"https:\/\/radionuble.cl\/v1\/wp-json\/wp\/v2\/types\/post"}],"author":[{"embeddable":true,"href":"https:\/\/radionuble.cl\/v1\/wp-json\/wp\/v2\/users\/5"}],"replies":[{"embeddable":true,"href":"https:\/\/radionuble.cl\/v1\/wp-json\/wp\/v2\/comments?post=52980"}],"version-history":[{"count":1,"href":"https:\/\/radionuble.cl\/v1\/wp-json\/wp\/v2\/posts\/52980\/revisions"}],"predecessor-version":[{"id":52982,"href":"https:\/\/radionuble.cl\/v1\/wp-json\/wp\/v2\/posts\/52980\/revisions\/52982"}],"wp:featuredmedia":[{"embeddable":true,"href":"https:\/\/radionuble.cl\/v1\/wp-json\/wp\/v2\/media\/52981"}],"wp:attachment":[{"href":"https:\/\/radionuble.cl\/v1\/wp-json\/wp\/v2\/media?parent=52980"}],"wp:term":[{"taxonomy":"category","embeddable":true,"href":"https:\/\/radionuble.cl\/v1\/wp-json\/wp\/v2\/categories?post=52980"},{"taxonomy":"post_tag","embeddable":true,"href":"https:\/\/radionuble.cl\/v1\/wp-json\/wp\/v2\/tags?post=52980"}],"curies":[{"name":"wp","href":"https:\/\/api.w.org\/{rel}","templated":true}]}}