{"id":53009,"date":"2026-03-13T15:20:16","date_gmt":"2026-03-13T15:20:16","guid":{"rendered":"https:\/\/radionuble.cl\/v1\/?p=53009"},"modified":"2026-03-13T15:20:16","modified_gmt":"2026-03-13T15:20:16","slug":"nuble-sera-sede-de-importante-encuentro-nacional-de-artes-marciales-gracias-al-apoyo-del-gobierno-regional","status":"publish","type":"post","link":"https:\/\/radionuble.cl\/v1\/2026\/03\/13\/nuble-sera-sede-de-importante-encuentro-nacional-de-artes-marciales-gracias-al-apoyo-del-gobierno-regional\/","title":{"rendered":"\u00d1uble ser\u00e1 sede de importante encuentro nacional de artes marciales gracias al apoyo del Gobierno Regional"},"content":{"rendered":"<ul>\n<li><em>La iniciativa gratuita para todo p\u00fablico es financiada por el Gobierno Regional de \u00d1uble y reunir\u00e1, por primera vez en la regi\u00f3n, a destacados exponentes nacionales de Jiu Jitsu y Kickboxing este 14 de marzo en la Casa del Deporte<\/em><\/li>\n<\/ul>\n<p>&nbsp;<\/p>\n<p>El Club Lobos Chill\u00e1n llevar\u00e1 a cabo este s\u00e1bado 14 de marzo un masivo encuentro nacional de artes marciales en la Casa del Deporte. El evento, denominado \u00abImpulsando Deportes de Contacto\u00bb, es un proyecto financiado por el Gobierno Regional de \u00d1uble mediante el Concurso Vinculaci\u00f3n con la Comunidad 8%, destinado a potenciar el nivel competitivo y profesionalizar estas disciplinas en la regi\u00f3n.<\/p>\n<p>La jornada contempla dos bloques program\u00e1ticos: una ma\u00f1ana dedicada al Jiu Jitsu desde 10:00 a 16:30 horas con \u00e9nfasis en categor\u00edas infantiles y formativas de academias locales; y una tarde de Kickboxing desde 17:30 a 22:00 horas que contar\u00e1 con 14 combates de alto nivel. En esta instancia participar\u00e1n delegaciones de las regiones Metropolitana, Maule, Biob\u00edo y La Araucan\u00eda, finalizando con la disputa del t\u00edtulo estelar \u00ab\u00d1uble Fight Season\u00bb, el cual ser\u00e1 fiscalizado por la organizaci\u00f3n internacional ISKA Chile.<\/p>\n<p>Respecto a la importancia de este respaldo institucional, el Gobernador Regional de \u00d1uble, \u00d3scar Cris\u00f3stomo, destac\u00f3 que \u2018\u2018estas instancias nos permiten como regi\u00f3n crear las condiciones para el surgimiento de nuevos deportistas y tambi\u00e9n asegurar que quienes ya realizan estas pr\u00e1cticas se sigan desarrollando con est\u00e1ndares de alta competencia. Nuestro compromiso es apoyar proyectos que no solo fomenten el talento local emergente, sino que tambi\u00e9n posicionen a \u00d1uble como un referente en la profesionalizaci\u00f3n de disciplinas que requieren de mucho entrenamiento y esfuerzo\u2019\u2019.<\/p>\n<p>Desde la organizaci\u00f3n, el presidente del Club Lobos Chill\u00e1n Carlos Mantilla invit\u00f3 a la comunidad a ser parte de esta in\u00e9dita actividad. \u2018\u2018Es primera vez que se hace un evento de deporte de contacto de esta magnitud en la regi\u00f3n, hemos puesto todo el empe\u00f1o del mundo para que salga todo bien y dejar a toda la comunidad conforme. Con este tipo de evento queremos dar a conocer los deportes de nuestra ciudad que nos han dado tantas alegr\u00edas en el pasar de los a\u00f1os. Ahora que hay m\u00e1s adeptos a este deporte que se est\u00e1 masificando podemos realizar este tipo de actividades, as\u00ed que muy contentos club y esperamos que la comunidad nos acompa\u00f1e\u2019\u2019, coment\u00f3.<\/p>\n<p style=\"font-weight: 400;\">Finalmente, cabe destacar que la actividad es completamente gratuita y abierta a toda la comunidad. Los organizadores extendieron la invitaci\u00f3n a todas las familias de la regi\u00f3n para asistir y conocer de cerca estas disciplinas, promoviendo as\u00ed la participaci\u00f3n deportiva regional en un ambiente de sana competencia y camarader\u00eda<\/p>\n<p>&nbsp;<\/p>\n","protected":false},"excerpt":{"rendered":"<p>La iniciativa gratuita para todo p\u00fablico es financiada por el Gobierno Regional de \u00d1uble y reunir\u00e1, por primera vez en la regi\u00f3n, a destacados exponentes nacionales de Jiu Jitsu y Kickboxing este 14 de marzo en la Casa del Deporte &nbsp; El Club Lobos Chill\u00e1n llevar\u00e1 a cabo este s\u00e1bado 14 de marzo un masivo &hellip;<\/p>\n","protected":false},"author":2,"featured_media":53010,"comment_status":"open","ping_status":"open","sticky":false,"template":"","format":"standard","meta":{"footnotes":""},"categories":[25,1],"tags":[],"class_list":["post-53009","post","type-post","status-publish","format-standard","has-post-thumbnail","hentry","category-nuble","category-uncategorized"],"_links":{"self":[{"href":"https:\/\/radionuble.cl\/v1\/wp-json\/wp\/v2\/posts\/53009","targetHints":{"allow":["GET"]}}],"collection":[{"href":"https:\/\/radionuble.cl\/v1\/wp-json\/wp\/v2\/posts"}],"about":[{"href":"https:\/\/radionuble.cl\/v1\/wp-json\/wp\/v2\/types\/post"}],"author":[{"embeddable":true,"href":"https:\/\/radionuble.cl\/v1\/wp-json\/wp\/v2\/users\/2"}],"replies":[{"embeddable":true,"href":"https:\/\/radionuble.cl\/v1\/wp-json\/wp\/v2\/comments?post=53009"}],"version-history":[{"count":1,"href":"https:\/\/radionuble.cl\/v1\/wp-json\/wp\/v2\/posts\/53009\/revisions"}],"predecessor-version":[{"id":53011,"href":"https:\/\/radionuble.cl\/v1\/wp-json\/wp\/v2\/posts\/53009\/revisions\/53011"}],"wp:featuredmedia":[{"embeddable":true,"href":"https:\/\/radionuble.cl\/v1\/wp-json\/wp\/v2\/media\/53010"}],"wp:attachment":[{"href":"https:\/\/radionuble.cl\/v1\/wp-json\/wp\/v2\/media?parent=53009"}],"wp:term":[{"taxonomy":"category","embeddable":true,"href":"https:\/\/radionuble.cl\/v1\/wp-json\/wp\/v2\/categories?post=53009"},{"taxonomy":"post_tag","embeddable":true,"href":"https:\/\/radionuble.cl\/v1\/wp-json\/wp\/v2\/tags?post=53009"}],"curies":[{"name":"wp","href":"https:\/\/api.w.org\/{rel}","templated":true}]}}