{"id":53316,"date":"2026-03-30T12:11:10","date_gmt":"2026-03-30T12:11:10","guid":{"rendered":"https:\/\/radionuble.cl\/v1\/?p=53316"},"modified":"2026-03-30T13:21:37","modified_gmt":"2026-03-30T13:21:37","slug":"dura-caida-de-bahamondes-en-la-ufc-tras-exigente-combate","status":"publish","type":"post","link":"https:\/\/radionuble.cl\/v1\/2026\/03\/30\/dura-caida-de-bahamondes-en-la-ufc-tras-exigente-combate\/","title":{"rendered":"Dura ca\u00edda de Bahamondes en la UFC tras exigente combate"},"content":{"rendered":"<p data-start=\"317\" data-end=\"504\">El chileno Ignacio Bahamondes sufri\u00f3 una nueva derrota en la UFC, luego de caer por decisi\u00f3n un\u00e1nime ante Tofiq Musayev, en su combate disputado este s\u00e1bado 28 de marzo en Estados Unidos.<\/p>\n<p data-start=\"506\" data-end=\"775\">La pelea se extendi\u00f3 durante los tres asaltos, en un enfrentamiento de alta exigencia f\u00edsica y t\u00e1ctica. Sin embargo, el rival del nacional logr\u00f3 imponer mayor control y efectividad a lo largo del combate, inclinando de forma clara las tarjetas de los jueces a su favor.<\/p>\n<p data-start=\"777\" data-end=\"965\">Con este resultado, \u201cLa Jaula\u201d suma un nuevo traspi\u00e9 en la divisi\u00f3n de peso ligero, en un momento determinante de su carrera, donde buscaba consolidarse dentro del ranking de la categor\u00eda.<\/p>\n<p data-start=\"967\" data-end=\"1237\" data-is-last-node=\"\" data-is-only-node=\"\">Pese a la derrota, Bahamondes contin\u00faa siendo uno de los principales exponentes chilenos en las artes marciales mixtas, manteni\u00e9ndose en la \u00e9lite de la disciplina y con el desaf\u00edo de recuperar terreno en una de las divisiones m\u00e1s competitivas del circuito internacional.<\/p>\n","protected":false},"excerpt":{"rendered":"<p>El chileno Ignacio Bahamondes sufri\u00f3 una nueva derrota en la UFC, luego de caer por decisi\u00f3n un\u00e1nime ante Tofiq Musayev, en su combate disputado este s\u00e1bado 28 de marzo en Estados Unidos. La pelea se extendi\u00f3 durante los tres asaltos, en un enfrentamiento de alta exigencia f\u00edsica y t\u00e1ctica. Sin embargo, el rival del nacional &hellip;<\/p>\n","protected":false},"author":5,"featured_media":53317,"comment_status":"open","ping_status":"open","sticky":false,"template":"","format":"standard","meta":{"footnotes":""},"categories":[28],"tags":[],"class_list":["post-53316","post","type-post","status-publish","format-standard","has-post-thumbnail","hentry","category-deportes"],"_links":{"self":[{"href":"https:\/\/radionuble.cl\/v1\/wp-json\/wp\/v2\/posts\/53316","targetHints":{"allow":["GET"]}}],"collection":[{"href":"https:\/\/radionuble.cl\/v1\/wp-json\/wp\/v2\/posts"}],"about":[{"href":"https:\/\/radionuble.cl\/v1\/wp-json\/wp\/v2\/types\/post"}],"author":[{"embeddable":true,"href":"https:\/\/radionuble.cl\/v1\/wp-json\/wp\/v2\/users\/5"}],"replies":[{"embeddable":true,"href":"https:\/\/radionuble.cl\/v1\/wp-json\/wp\/v2\/comments?post=53316"}],"version-history":[{"count":1,"href":"https:\/\/radionuble.cl\/v1\/wp-json\/wp\/v2\/posts\/53316\/revisions"}],"predecessor-version":[{"id":53318,"href":"https:\/\/radionuble.cl\/v1\/wp-json\/wp\/v2\/posts\/53316\/revisions\/53318"}],"wp:featuredmedia":[{"embeddable":true,"href":"https:\/\/radionuble.cl\/v1\/wp-json\/wp\/v2\/media\/53317"}],"wp:attachment":[{"href":"https:\/\/radionuble.cl\/v1\/wp-json\/wp\/v2\/media?parent=53316"}],"wp:term":[{"taxonomy":"category","embeddable":true,"href":"https:\/\/radionuble.cl\/v1\/wp-json\/wp\/v2\/categories?post=53316"},{"taxonomy":"post_tag","embeddable":true,"href":"https:\/\/radionuble.cl\/v1\/wp-json\/wp\/v2\/tags?post=53316"}],"curies":[{"name":"wp","href":"https:\/\/api.w.org\/{rel}","templated":true}]}}