{"id":53346,"date":"2026-03-31T11:49:56","date_gmt":"2026-03-31T11:49:56","guid":{"rendered":"https:\/\/radionuble.cl\/v1\/?p=53346"},"modified":"2026-03-31T11:49:56","modified_gmt":"2026-03-31T11:49:56","slug":"nublense-manda-en-el-grupo-triunfazo-en-concepcion-lo-deja-como-lider-exclusivo","status":"publish","type":"post","link":"https:\/\/radionuble.cl\/v1\/2026\/03\/31\/nublense-manda-en-el-grupo-triunfazo-en-concepcion-lo-deja-como-lider-exclusivo\/","title":{"rendered":"\u00d1ublense manda en el grupo: triunfazo en Concepci\u00f3n lo deja como l\u00edder exclusivo"},"content":{"rendered":"<p data-start=\"104\" data-end=\"285\"><span class=\"hover:entity-accent entity-underline inline cursor-pointer align-baseline\"><span class=\"whitespace-normal\">\u00d1ublense<\/span><\/span> sigue firme en la <strong data-start=\"172\" data-end=\"191\">Copa de la Liga<\/strong> y lo dej\u00f3 claro con una s\u00f3lida victoria como visitante que lo instala en la cima del Grupo B.<\/p>\n<p data-start=\"287\" data-end=\"535\">El equipo dirigido por Juan Jos\u00e9 Ribera viaj\u00f3 hasta <span class=\"hover:entity-accent entity-underline inline cursor-pointer align-baseline\"><span class=\"whitespace-normal\">Concepci\u00f3n<\/span><\/span> para enfrentar a <span class=\"hover:entity-accent entity-underline inline cursor-pointer align-baseline\"><span class=\"whitespace-normal\">Universidad de Concepci\u00f3n<\/span><\/span> en el estadio Ester Roa Rebolledo, donde logr\u00f3 imponerse por 2-0 en un duelo trabajado y bien resuelto.<\/p>\n<p data-start=\"537\" data-end=\"742\">Desde el inicio, los Diablos Rojos mostraron personalidad. A los 2 minutos, Giovanny \u00c1valos ya avisaba con una clara opci\u00f3n que pudo abrir la cuenta, reflejando la intenci\u00f3n ofensiva del cuadro chillanejo.<\/p>\n<p data-start=\"744\" data-end=\"978\">El dominio se concret\u00f3 a los 28 minutos, cuando la presi\u00f3n alta de Jovany Campusano permiti\u00f3 recuperar el bal\u00f3n en campo rival. La jugada fue bien aprovechada por Gabriel Graciani, quien asisti\u00f3 a Ignacio Jeraldino para marcar el 1-0.<\/p>\n<p data-start=\"980\" data-end=\"1255\">En el segundo tiempo, \u00d1ublense mantuvo el control del partido y supo capitalizar su superioridad, especialmente tras la expulsi\u00f3n de un jugador rival. A siete minutos del final, Roberto Ovelar sell\u00f3 el triunfo tras una jugada que nuevamente tuvo como protagonista a Graciani.<\/p>\n<p data-start=\"1257\" data-end=\"1484\">Con este resultado, el conjunto chillanejo alcanza los 7 puntos y se instala como l\u00edder exclusivo del Grupo B, superando a <span class=\"hover:entity-accent entity-underline inline cursor-pointer align-baseline\"><span class=\"whitespace-normal\">Universidad Cat\u00f3lica<\/span><\/span>, que hab\u00eda tomado moment\u00e1neamente la punta tras su triunfo previo.<\/p>\n<p data-start=\"1486\" data-end=\"1622\">\u00d1ublense no solo gana, sino que convence. Con orden, intensidad y eficacia, los Diablos Rojos se perfilan como protagonistas del torneo.<\/p>\n","protected":false},"excerpt":{"rendered":"<p>\u00d1ublense sigue firme en la Copa de la Liga y lo dej\u00f3 claro con una s\u00f3lida victoria como visitante que lo instala en la cima del Grupo B. El equipo dirigido por Juan Jos\u00e9 Ribera viaj\u00f3 hasta Concepci\u00f3n para enfrentar a Universidad de Concepci\u00f3n en el estadio Ester Roa Rebolledo, donde logr\u00f3 imponerse por 2-0 &hellip;<\/p>\n","protected":false},"author":1,"featured_media":53347,"comment_status":"open","ping_status":"open","sticky":false,"template":"","format":"standard","meta":{"footnotes":""},"categories":[28],"tags":[],"class_list":["post-53346","post","type-post","status-publish","format-standard","has-post-thumbnail","hentry","category-deportes"],"_links":{"self":[{"href":"https:\/\/radionuble.cl\/v1\/wp-json\/wp\/v2\/posts\/53346","targetHints":{"allow":["GET"]}}],"collection":[{"href":"https:\/\/radionuble.cl\/v1\/wp-json\/wp\/v2\/posts"}],"about":[{"href":"https:\/\/radionuble.cl\/v1\/wp-json\/wp\/v2\/types\/post"}],"author":[{"embeddable":true,"href":"https:\/\/radionuble.cl\/v1\/wp-json\/wp\/v2\/users\/1"}],"replies":[{"embeddable":true,"href":"https:\/\/radionuble.cl\/v1\/wp-json\/wp\/v2\/comments?post=53346"}],"version-history":[{"count":1,"href":"https:\/\/radionuble.cl\/v1\/wp-json\/wp\/v2\/posts\/53346\/revisions"}],"predecessor-version":[{"id":53348,"href":"https:\/\/radionuble.cl\/v1\/wp-json\/wp\/v2\/posts\/53346\/revisions\/53348"}],"wp:featuredmedia":[{"embeddable":true,"href":"https:\/\/radionuble.cl\/v1\/wp-json\/wp\/v2\/media\/53347"}],"wp:attachment":[{"href":"https:\/\/radionuble.cl\/v1\/wp-json\/wp\/v2\/media?parent=53346"}],"wp:term":[{"taxonomy":"category","embeddable":true,"href":"https:\/\/radionuble.cl\/v1\/wp-json\/wp\/v2\/categories?post=53346"},{"taxonomy":"post_tag","embeddable":true,"href":"https:\/\/radionuble.cl\/v1\/wp-json\/wp\/v2\/tags?post=53346"}],"curies":[{"name":"wp","href":"https:\/\/api.w.org\/{rel}","templated":true}]}}