{"id":53409,"date":"2026-04-03T14:18:00","date_gmt":"2026-04-03T14:18:00","guid":{"rendered":"https:\/\/radionuble.cl\/v1\/?p=53409"},"modified":"2026-04-03T14:18:00","modified_gmt":"2026-04-03T14:18:00","slug":"virus-mortal-llega-a-nuble-y-activa-protocolos-inmediatos","status":"publish","type":"post","link":"https:\/\/radionuble.cl\/v1\/2026\/04\/03\/virus-mortal-llega-a-nuble-y-activa-protocolos-inmediatos\/","title":{"rendered":"Virus mortal llega a \u00d1uble y activa protocolos inmediatos"},"content":{"rendered":"<p data-start=\"108\" data-end=\"357\">El Servicio Agr\u00edcola y Ganadero confirm\u00f3 el primer caso de <strong data-start=\"179\" data-end=\"207\">influenza aviar en \u00d1uble<\/strong>, encendiendo las alertas sanitarias en la regi\u00f3n tras detectarse el virus en aves de traspatio en la comuna de <span class=\"hover:entity-accent entity-underline inline cursor-pointer align-baseline\"><span class=\"whitespace-normal\">San Carlos<\/span><\/span>.<\/p>\n<p data-start=\"359\" data-end=\"547\">El contagio corresponde al subtipo H5N1 de alta patogenicidad y fue identificado en el sector La Primavera, en un predio con gallinas, gansos y patos, sin v\u00ednculo con producci\u00f3n comercial.<\/p>\n<p data-start=\"549\" data-end=\"752\">Tras la confirmaci\u00f3n, el <span class=\"hover:entity-accent entity-underline inline cursor-pointer align-baseline\"><span class=\"whitespace-normal\">Servicio Agr\u00edcola y Ganadero<\/span><\/span> activ\u00f3 de inmediato los protocolos sanitarios, incluyendo la cuarentena del predio afectado y un monitoreo intensivo en el \u00e1rea circundante.<\/p>\n<p data-start=\"754\" data-end=\"954\">La enfermedad, de origen viral, afecta principalmente a aves dom\u00e9sticas y silvestres, pudiendo generar alta mortalidad, y aunque es poco frecuente, tambi\u00e9n puede presentarse en mam\u00edferos y en humanos.<\/p>\n<p data-start=\"956\" data-end=\"1179\">Ante este escenario, las autoridades reforzaron el llamado a los criadores a extremar las medidas de bioseguridad, evitando el contacto de aves dom\u00e9sticas con especies silvestres y resguardando el acceso a agua y alimentos.<\/p>\n<p data-start=\"1181\" data-end=\"1407\">Asimismo, se recomend\u00f3 estar atentos a s\u00edntomas como descoordinaci\u00f3n, decaimiento, plumaje erizado, coloraci\u00f3n anormal o muertes inusuales, evitando manipular a los animales y notificando de inmediato a la autoridad sanitaria.<\/p>\n<p data-start=\"1409\" data-end=\"1570\">El SAG tambi\u00e9n inform\u00f3 sobre la existencia de un seguro gratuito que cubre sacrificios sanitarios, con el objetivo de mitigar el impacto en peque\u00f1os productores.<\/p>\n<p data-start=\"1572\" data-end=\"1664\">Las autoridades mantienen vigilancia activa en la zona para evitar la propagaci\u00f3n del virus.<\/p>\n","protected":false},"excerpt":{"rendered":"<p>El Servicio Agr\u00edcola y Ganadero confirm\u00f3 el primer caso de influenza aviar en \u00d1uble, encendiendo las alertas sanitarias en la regi\u00f3n tras detectarse el virus en aves de traspatio en la comuna de San Carlos. El contagio corresponde al subtipo H5N1 de alta patogenicidad y fue identificado en el sector La Primavera, en un predio &hellip;<\/p>\n","protected":false},"author":1,"featured_media":53410,"comment_status":"open","ping_status":"open","sticky":false,"template":"","format":"standard","meta":{"footnotes":""},"categories":[25],"tags":[],"class_list":["post-53409","post","type-post","status-publish","format-standard","has-post-thumbnail","hentry","category-nuble"],"_links":{"self":[{"href":"https:\/\/radionuble.cl\/v1\/wp-json\/wp\/v2\/posts\/53409","targetHints":{"allow":["GET"]}}],"collection":[{"href":"https:\/\/radionuble.cl\/v1\/wp-json\/wp\/v2\/posts"}],"about":[{"href":"https:\/\/radionuble.cl\/v1\/wp-json\/wp\/v2\/types\/post"}],"author":[{"embeddable":true,"href":"https:\/\/radionuble.cl\/v1\/wp-json\/wp\/v2\/users\/1"}],"replies":[{"embeddable":true,"href":"https:\/\/radionuble.cl\/v1\/wp-json\/wp\/v2\/comments?post=53409"}],"version-history":[{"count":1,"href":"https:\/\/radionuble.cl\/v1\/wp-json\/wp\/v2\/posts\/53409\/revisions"}],"predecessor-version":[{"id":53411,"href":"https:\/\/radionuble.cl\/v1\/wp-json\/wp\/v2\/posts\/53409\/revisions\/53411"}],"wp:featuredmedia":[{"embeddable":true,"href":"https:\/\/radionuble.cl\/v1\/wp-json\/wp\/v2\/media\/53410"}],"wp:attachment":[{"href":"https:\/\/radionuble.cl\/v1\/wp-json\/wp\/v2\/media?parent=53409"}],"wp:term":[{"taxonomy":"category","embeddable":true,"href":"https:\/\/radionuble.cl\/v1\/wp-json\/wp\/v2\/categories?post=53409"},{"taxonomy":"post_tag","embeddable":true,"href":"https:\/\/radionuble.cl\/v1\/wp-json\/wp\/v2\/tags?post=53409"}],"curies":[{"name":"wp","href":"https:\/\/api.w.org\/{rel}","templated":true}]}}