{"id":53421,"date":"2026-04-03T14:24:08","date_gmt":"2026-04-03T14:24:08","guid":{"rendered":"https:\/\/radionuble.cl\/v1\/?p=53421"},"modified":"2026-04-03T14:24:08","modified_gmt":"2026-04-03T14:24:08","slug":"14-de-15-patrullas-municipales-sin-papeles-desatan-escandalo-en-chillan","status":"publish","type":"post","link":"https:\/\/radionuble.cl\/v1\/2026\/04\/03\/14-de-15-patrullas-municipales-sin-papeles-desatan-escandalo-en-chillan\/","title":{"rendered":"14 de 15 patrullas municipales sin papeles desatan esc\u00e1ndalo en Chill\u00e1n"},"content":{"rendered":"<p data-start=\"103\" data-end=\"338\">Una grave pol\u00e9mica se instal\u00f3 al interior de la Municipalidad de <span class=\"hover:entity-accent entity-underline inline cursor-pointer align-baseline\"><span class=\"whitespace-normal\">Chill\u00e1n<\/span><\/span>, luego de que se detectara que gran parte de los veh\u00edculos de Seguridad P\u00fablica no contaban con su documentaci\u00f3n al d\u00eda.<\/p>\n<p data-start=\"340\" data-end=\"525\">Seg\u00fan los antecedentes, de un total de 15 autom\u00f3viles destinados a patrullajes, solo uno manten\u00eda vigente su permiso de circulaci\u00f3n, lo que encendi\u00f3 las alarmas en el concejo municipal.<\/p>\n<p data-start=\"527\" data-end=\"703\">La situaci\u00f3n gener\u00f3 cuestionamientos, especialmente considerando que los m\u00f3viles forman parte de un contrato de arriendo, lo que implica obligaciones administrativas y legales.<\/p>\n<p data-start=\"705\" data-end=\"915\">La concejal <span class=\"hover:entity-accent entity-underline inline cursor-pointer align-baseline\"><span class=\"whitespace-normal\">Carolina Ch\u00e1vez<\/span><\/span> calific\u00f3 el hecho como grave, advirtiendo que podr\u00eda tratarse de un incumplimiento relevante y no de una falta menor, dada la magnitud del contrato involucrado.<\/p>\n<p data-start=\"917\" data-end=\"1048\">En ese contexto, solicit\u00f3 que se determinen responsabilidades y se investigue si estos veh\u00edculos circularon sin autorizaci\u00f3n legal.<\/p>\n<p data-start=\"1050\" data-end=\"1302\">Por su parte, el director de Seguridad P\u00fablica, <span class=\"hover:entity-accent entity-underline inline cursor-pointer align-baseline\"><span class=\"whitespace-normal\">Lautaro Arias<\/span><\/span>, inform\u00f3 que se instruy\u00f3 un acto administrativo para esclarecer lo ocurrido y que los veh\u00edculos deb\u00edan mantenerse fuera de circulaci\u00f3n hasta regularizar su situaci\u00f3n.<\/p>\n<p data-start=\"1304\" data-end=\"1476\">Adem\u00e1s, indic\u00f3 que, de comprobarse irregularidades, las responsabilidades podr\u00edan recaer en los conductores que utilizaron los m\u00f3viles sin cumplir con la normativa vigente.<\/p>\n<p data-start=\"1478\" data-end=\"1629\">Paralelamente, el municipio eval\u00faa aplicar sanciones a la empresa encargada de proveer la flota, en base a las condiciones establecidas en el contrato.<\/p>\n","protected":false},"excerpt":{"rendered":"<p>Una grave pol\u00e9mica se instal\u00f3 al interior de la Municipalidad de Chill\u00e1n, luego de que se detectara que gran parte de los veh\u00edculos de Seguridad P\u00fablica no contaban con su documentaci\u00f3n al d\u00eda. Seg\u00fan los antecedentes, de un total de 15 autom\u00f3viles destinados a patrullajes, solo uno manten\u00eda vigente su permiso de circulaci\u00f3n, lo que &hellip;<\/p>\n","protected":false},"author":1,"featured_media":53422,"comment_status":"open","ping_status":"open","sticky":false,"template":"","format":"standard","meta":{"footnotes":""},"categories":[24],"tags":[],"class_list":["post-53421","post","type-post","status-publish","format-standard","has-post-thumbnail","hentry","category-chillan"],"_links":{"self":[{"href":"https:\/\/radionuble.cl\/v1\/wp-json\/wp\/v2\/posts\/53421","targetHints":{"allow":["GET"]}}],"collection":[{"href":"https:\/\/radionuble.cl\/v1\/wp-json\/wp\/v2\/posts"}],"about":[{"href":"https:\/\/radionuble.cl\/v1\/wp-json\/wp\/v2\/types\/post"}],"author":[{"embeddable":true,"href":"https:\/\/radionuble.cl\/v1\/wp-json\/wp\/v2\/users\/1"}],"replies":[{"embeddable":true,"href":"https:\/\/radionuble.cl\/v1\/wp-json\/wp\/v2\/comments?post=53421"}],"version-history":[{"count":1,"href":"https:\/\/radionuble.cl\/v1\/wp-json\/wp\/v2\/posts\/53421\/revisions"}],"predecessor-version":[{"id":53423,"href":"https:\/\/radionuble.cl\/v1\/wp-json\/wp\/v2\/posts\/53421\/revisions\/53423"}],"wp:featuredmedia":[{"embeddable":true,"href":"https:\/\/radionuble.cl\/v1\/wp-json\/wp\/v2\/media\/53422"}],"wp:attachment":[{"href":"https:\/\/radionuble.cl\/v1\/wp-json\/wp\/v2\/media?parent=53421"}],"wp:term":[{"taxonomy":"category","embeddable":true,"href":"https:\/\/radionuble.cl\/v1\/wp-json\/wp\/v2\/categories?post=53421"},{"taxonomy":"post_tag","embeddable":true,"href":"https:\/\/radionuble.cl\/v1\/wp-json\/wp\/v2\/tags?post=53421"}],"curies":[{"name":"wp","href":"https:\/\/api.w.org\/{rel}","templated":true}]}}