{"id":53424,"date":"2026-04-03T14:25:04","date_gmt":"2026-04-03T14:25:04","guid":{"rendered":"https:\/\/radionuble.cl\/v1\/?p=53424"},"modified":"2026-04-03T14:25:04","modified_gmt":"2026-04-03T14:25:04","slug":"cambio-total-en-chillan-nueva-micro-conecta-sector-completo-de-la-ciudad","status":"publish","type":"post","link":"https:\/\/radionuble.cl\/v1\/2026\/04\/03\/cambio-total-en-chillan-nueva-micro-conecta-sector-completo-de-la-ciudad\/","title":{"rendered":"Cambio total en Chill\u00e1n: nueva micro conecta sector completo de la ciudad"},"content":{"rendered":"<p data-start=\"105\" data-end=\"312\">Un importante avance en <strong data-start=\"141\" data-end=\"168\">conectividad en Chill\u00e1n<\/strong> comenz\u00f3 a operar con la implementaci\u00f3n de una nueva variante de la L\u00ednea 4, beneficiando directamente a 298 familias del sector Altos de \u00d1uble.<\/p>\n<p data-start=\"314\" data-end=\"543\">El recorrido, que se extiende por el sector suroriente de <span class=\"hover:entity-accent entity-underline inline cursor-pointer align-baseline\"><span class=\"whitespace-normal\">Chill\u00e1n<\/span><\/span>, incorpora 1,4 kil\u00f3metros adicionales por sentido, permitiendo que los vecinos accedan directamente al sistema de transporte p\u00fablico.<\/p>\n<p data-start=\"545\" data-end=\"761\">La medida favorece a familias de los comit\u00e9s habitacionales Violeta Parra, Vientos de Esperanza, Nacimiento y Nueva Esperanza II, quienes ahora cuentan con una alternativa de movilizaci\u00f3n m\u00e1s cercana a sus viviendas.<\/p>\n<p data-start=\"763\" data-end=\"962\">El seremi de Transportes, <span class=\"hover:entity-accent entity-underline inline cursor-pointer align-baseline\"><span class=\"whitespace-normal\">Omar Sandoval<\/span><\/span>, destac\u00f3 que esta iniciativa apunta a mejorar la calidad de vida, facilitando el acceso a servicios, comercio y actividades cotidianas.<\/p>\n<p data-start=\"964\" data-end=\"1108\">La nueva variante operar\u00e1 entre las 6:00 y las 19:00 horas, manteniendo el trazado original de la L\u00ednea 4 sin afectar a los usuarios habituales.<\/p>\n<p data-start=\"1110\" data-end=\"1289\">Desde la empresa operadora valoraron la extensi\u00f3n del recorrido, asegurando que responde a necesidades reales de la comunidad y que podr\u00eda ajustarse en el futuro seg\u00fan la demanda.<\/p>\n<p data-start=\"1291\" data-end=\"1478\">Previo a su implementaci\u00f3n, se realizaron evaluaciones t\u00e9cnicas en terreno para garantizar condiciones adecuadas de circulaci\u00f3n, incluyendo infraestructura vial, se\u00f1alizaci\u00f3n y seguridad.<\/p>\n<p data-start=\"1480\" data-end=\"1654\">La puesta en marcha de este servicio se enmarca en el crecimiento urbano de la ciudad y en la necesidad de integrar nuevos sectores al sistema de transporte p\u00fablico regulado.<\/p>\n","protected":false},"excerpt":{"rendered":"<p>Un importante avance en conectividad en Chill\u00e1n comenz\u00f3 a operar con la implementaci\u00f3n de una nueva variante de la L\u00ednea 4, beneficiando directamente a 298 familias del sector Altos de \u00d1uble. El recorrido, que se extiende por el sector suroriente de Chill\u00e1n, incorpora 1,4 kil\u00f3metros adicionales por sentido, permitiendo que los vecinos accedan directamente al &hellip;<\/p>\n","protected":false},"author":1,"featured_media":53425,"comment_status":"open","ping_status":"open","sticky":false,"template":"","format":"standard","meta":{"footnotes":""},"categories":[24],"tags":[],"class_list":["post-53424","post","type-post","status-publish","format-standard","has-post-thumbnail","hentry","category-chillan"],"_links":{"self":[{"href":"https:\/\/radionuble.cl\/v1\/wp-json\/wp\/v2\/posts\/53424","targetHints":{"allow":["GET"]}}],"collection":[{"href":"https:\/\/radionuble.cl\/v1\/wp-json\/wp\/v2\/posts"}],"about":[{"href":"https:\/\/radionuble.cl\/v1\/wp-json\/wp\/v2\/types\/post"}],"author":[{"embeddable":true,"href":"https:\/\/radionuble.cl\/v1\/wp-json\/wp\/v2\/users\/1"}],"replies":[{"embeddable":true,"href":"https:\/\/radionuble.cl\/v1\/wp-json\/wp\/v2\/comments?post=53424"}],"version-history":[{"count":1,"href":"https:\/\/radionuble.cl\/v1\/wp-json\/wp\/v2\/posts\/53424\/revisions"}],"predecessor-version":[{"id":53426,"href":"https:\/\/radionuble.cl\/v1\/wp-json\/wp\/v2\/posts\/53424\/revisions\/53426"}],"wp:featuredmedia":[{"embeddable":true,"href":"https:\/\/radionuble.cl\/v1\/wp-json\/wp\/v2\/media\/53425"}],"wp:attachment":[{"href":"https:\/\/radionuble.cl\/v1\/wp-json\/wp\/v2\/media?parent=53424"}],"wp:term":[{"taxonomy":"category","embeddable":true,"href":"https:\/\/radionuble.cl\/v1\/wp-json\/wp\/v2\/categories?post=53424"},{"taxonomy":"post_tag","embeddable":true,"href":"https:\/\/radionuble.cl\/v1\/wp-json\/wp\/v2\/tags?post=53424"}],"curies":[{"name":"wp","href":"https:\/\/api.w.org\/{rel}","templated":true}]}}