{"id":53427,"date":"2026-04-03T14:26:15","date_gmt":"2026-04-03T14:26:15","guid":{"rendered":"https:\/\/radionuble.cl\/v1\/?p=53427"},"modified":"2026-04-03T14:26:15","modified_gmt":"2026-04-03T14:26:15","slug":"oposicion-en-chillan-lanza-dura-ofensiva-contra-el-gobierno-y-advierte-impacto-en-familias","status":"publish","type":"post","link":"https:\/\/radionuble.cl\/v1\/2026\/04\/03\/oposicion-en-chillan-lanza-dura-ofensiva-contra-el-gobierno-y-advierte-impacto-en-familias\/","title":{"rendered":"Oposici\u00f3n en Chill\u00e1n lanza dura ofensiva contra el Gobierno y advierte impacto en familias"},"content":{"rendered":"<p data-start=\"114\" data-end=\"342\">Una <strong data-start=\"130\" data-end=\"188\">declaraci\u00f3n p\u00fablica de dirigentes pol\u00edticos en Chill\u00e1n<\/strong> encendi\u00f3 el debate local, luego de que presidentes comunales de distintos partidos manifestaran su preocupaci\u00f3n por las primeras decisiones del Gobierno.<\/p>\n<p data-start=\"344\" data-end=\"601\">En el documento, los firmantes se\u00f1alan que el pa\u00eds enfrenta un nuevo escenario pol\u00edtico, marcado por el inicio de un ciclo distinto y una ciudadan\u00eda m\u00e1s exigente, lo que obliga a replantear la forma de hacer pol\u00edtica.<\/p>\n<p data-start=\"603\" data-end=\"886\">Asimismo, advierten que medidas como el alza de combustibles, el incremento en el precio del gas y anuncios de recortes presupuestarios estar\u00edan afectando directamente la calidad de vida, especialmente de los sectores medios y m\u00e1s vulnerables.<\/p>\n<p data-start=\"888\" data-end=\"1114\">En la declaraci\u00f3n, tambi\u00e9n cuestionan decisiones del Ejecutivo en materia internacional y de derechos humanos, adem\u00e1s de expresar su rechazo a lo que consideran se\u00f1ales de falta de sensibilidad frente a las urgencias sociales.<\/p>\n<p data-start=\"1116\" data-end=\"1311\">Los dirigentes recalcaron que, en este nuevo contexto, ejercer\u00e1n una oposici\u00f3n firme, pero tambi\u00e9n responsable, centrada en el di\u00e1logo y en la b\u00fasqueda de acuerdos que beneficien a la ciudadan\u00eda.<\/p>\n<p data-start=\"1313\" data-end=\"1497\">A nivel local, los presidentes comunales afirmaron que continuar\u00e1n trabajando en organizaciones sociales, comunitarias y gremiales, con el objetivo de aportar al desarrollo de Chill\u00e1n.<\/p>\n<p data-start=\"1499\" data-end=\"1678\">Finalmente, manifestaron su disposici\u00f3n a impulsar una coordinaci\u00f3n amplia entre las fuerzas de oposici\u00f3n, enfatizando la necesidad de unidad para enfrentar los desaf\u00edos del pa\u00eds.<\/p>\n","protected":false},"excerpt":{"rendered":"<p>Una declaraci\u00f3n p\u00fablica de dirigentes pol\u00edticos en Chill\u00e1n encendi\u00f3 el debate local, luego de que presidentes comunales de distintos partidos manifestaran su preocupaci\u00f3n por las primeras decisiones del Gobierno. En el documento, los firmantes se\u00f1alan que el pa\u00eds enfrenta un nuevo escenario pol\u00edtico, marcado por el inicio de un ciclo distinto y una ciudadan\u00eda m\u00e1s &hellip;<\/p>\n","protected":false},"author":1,"featured_media":52959,"comment_status":"open","ping_status":"open","sticky":false,"template":"","format":"standard","meta":{"footnotes":""},"categories":[24],"tags":[],"class_list":["post-53427","post","type-post","status-publish","format-standard","has-post-thumbnail","hentry","category-chillan"],"_links":{"self":[{"href":"https:\/\/radionuble.cl\/v1\/wp-json\/wp\/v2\/posts\/53427","targetHints":{"allow":["GET"]}}],"collection":[{"href":"https:\/\/radionuble.cl\/v1\/wp-json\/wp\/v2\/posts"}],"about":[{"href":"https:\/\/radionuble.cl\/v1\/wp-json\/wp\/v2\/types\/post"}],"author":[{"embeddable":true,"href":"https:\/\/radionuble.cl\/v1\/wp-json\/wp\/v2\/users\/1"}],"replies":[{"embeddable":true,"href":"https:\/\/radionuble.cl\/v1\/wp-json\/wp\/v2\/comments?post=53427"}],"version-history":[{"count":1,"href":"https:\/\/radionuble.cl\/v1\/wp-json\/wp\/v2\/posts\/53427\/revisions"}],"predecessor-version":[{"id":53428,"href":"https:\/\/radionuble.cl\/v1\/wp-json\/wp\/v2\/posts\/53427\/revisions\/53428"}],"wp:featuredmedia":[{"embeddable":true,"href":"https:\/\/radionuble.cl\/v1\/wp-json\/wp\/v2\/media\/52959"}],"wp:attachment":[{"href":"https:\/\/radionuble.cl\/v1\/wp-json\/wp\/v2\/media?parent=53427"}],"wp:term":[{"taxonomy":"category","embeddable":true,"href":"https:\/\/radionuble.cl\/v1\/wp-json\/wp\/v2\/categories?post=53427"},{"taxonomy":"post_tag","embeddable":true,"href":"https:\/\/radionuble.cl\/v1\/wp-json\/wp\/v2\/tags?post=53427"}],"curies":[{"name":"wp","href":"https:\/\/api.w.org\/{rel}","templated":true}]}}