{"id":53431,"date":"2026-04-03T15:25:59","date_gmt":"2026-04-03T15:25:59","guid":{"rendered":"https:\/\/radionuble.cl\/v1\/?p=53431"},"modified":"2026-04-03T15:25:59","modified_gmt":"2026-04-03T15:25:59","slug":"fin-de-semana-largo-parte-con-mas-autos-de-lo-esperado-y-sin-accidentes-en-nuble","status":"publish","type":"post","link":"https:\/\/radionuble.cl\/v1\/2026\/04\/03\/fin-de-semana-largo-parte-con-mas-autos-de-lo-esperado-y-sin-accidentes-en-nuble\/","title":{"rendered":"Fin de semana largo parte con m\u00e1s autos de lo esperado y sin accidentes en \u00d1uble"},"content":{"rendered":"<p data-start=\"104\" data-end=\"281\">Un positivo balance dej\u00f3 el inicio del <strong data-start=\"155\" data-end=\"194\">primer fin de semana largo en \u00d1uble<\/strong>, marcado por un aumento en el flujo vehicular y sin accidentes en rutas concesionadas.<\/p>\n<p data-start=\"283\" data-end=\"491\">Seg\u00fan inform\u00f3 el seremi de Obras P\u00fablicas, <span class=\"hover:entity-accent entity-underline inline cursor-pointer align-baseline\"><span class=\"whitespace-normal\">Luis Carrasco<\/span><\/span>, m\u00e1s de <strong data-start=\"372\" data-end=\"392\">57 mil veh\u00edculos<\/strong> ya han circulado por las carreteras de la regi\u00f3n, superando en un 1,5% las proyecciones iniciales.<\/p>\n<p data-start=\"493\" data-end=\"661\">El mayor flujo se ha concentrado en la Ruta del Itata, especialmente en direcci\u00f3n a Concepci\u00f3n y hacia el sur del pa\u00eds, en el marco del desplazamiento por Semana Santa.<\/p>\n<p data-start=\"663\" data-end=\"889\">Desde el Ministerio de Obras P\u00fablicas destacaron que, pese al aumento del tr\u00e1nsito, no se han registrado accidentes en rutas concesionadas, lo que refleja tanto el despliegue del plan como el comportamiento de los conductores.<\/p>\n<p data-start=\"891\" data-end=\"1081\">Otro elemento relevante ha sido el uso del sistema de pago automatizado, con un <strong data-start=\"971\" data-end=\"1001\">76% de utilizaci\u00f3n del TAG<\/strong>, lo que ha permitido una mayor fluidez en los peajes y reducci\u00f3n de congesti\u00f3n.<\/p>\n<p data-start=\"1083\" data-end=\"1293\">El plan de contingencia considera un amplio despliegue de recursos, incluyendo gr\u00faas, ambulancias, patrullajes y coordinaci\u00f3n con Carabineros, con el objetivo de resguardar la seguridad vial durante estos d\u00edas.<\/p>\n<p data-start=\"1295\" data-end=\"1499\">Las autoridades reiteraron el llamado a planificar los viajes, evitar horarios punta y conducir con responsabilidad, especialmente de cara al retorno del domingo, donde se espera el mayor flujo vehicular.<\/p>\n","protected":false},"excerpt":{"rendered":"<p>Un positivo balance dej\u00f3 el inicio del primer fin de semana largo en \u00d1uble, marcado por un aumento en el flujo vehicular y sin accidentes en rutas concesionadas. Seg\u00fan inform\u00f3 el seremi de Obras P\u00fablicas, Luis Carrasco, m\u00e1s de 57 mil veh\u00edculos ya han circulado por las carreteras de la regi\u00f3n, superando en un 1,5% &hellip;<\/p>\n","protected":false},"author":1,"featured_media":53432,"comment_status":"open","ping_status":"open","sticky":false,"template":"","format":"standard","meta":{"footnotes":""},"categories":[25],"tags":[],"class_list":["post-53431","post","type-post","status-publish","format-standard","has-post-thumbnail","hentry","category-nuble"],"_links":{"self":[{"href":"https:\/\/radionuble.cl\/v1\/wp-json\/wp\/v2\/posts\/53431","targetHints":{"allow":["GET"]}}],"collection":[{"href":"https:\/\/radionuble.cl\/v1\/wp-json\/wp\/v2\/posts"}],"about":[{"href":"https:\/\/radionuble.cl\/v1\/wp-json\/wp\/v2\/types\/post"}],"author":[{"embeddable":true,"href":"https:\/\/radionuble.cl\/v1\/wp-json\/wp\/v2\/users\/1"}],"replies":[{"embeddable":true,"href":"https:\/\/radionuble.cl\/v1\/wp-json\/wp\/v2\/comments?post=53431"}],"version-history":[{"count":1,"href":"https:\/\/radionuble.cl\/v1\/wp-json\/wp\/v2\/posts\/53431\/revisions"}],"predecessor-version":[{"id":53433,"href":"https:\/\/radionuble.cl\/v1\/wp-json\/wp\/v2\/posts\/53431\/revisions\/53433"}],"wp:featuredmedia":[{"embeddable":true,"href":"https:\/\/radionuble.cl\/v1\/wp-json\/wp\/v2\/media\/53432"}],"wp:attachment":[{"href":"https:\/\/radionuble.cl\/v1\/wp-json\/wp\/v2\/media?parent=53431"}],"wp:term":[{"taxonomy":"category","embeddable":true,"href":"https:\/\/radionuble.cl\/v1\/wp-json\/wp\/v2\/categories?post=53431"},{"taxonomy":"post_tag","embeddable":true,"href":"https:\/\/radionuble.cl\/v1\/wp-json\/wp\/v2\/tags?post=53431"}],"curies":[{"name":"wp","href":"https:\/\/api.w.org\/{rel}","templated":true}]}}