{"id":53434,"date":"2026-04-05T15:05:04","date_gmt":"2026-04-05T15:05:04","guid":{"rendered":"https:\/\/radionuble.cl\/v1\/?p=53434"},"modified":"2026-04-05T15:05:04","modified_gmt":"2026-04-05T15:05:04","slug":"10-heridos-deja-volcamiento-de-bus-en-nuble","status":"publish","type":"post","link":"https:\/\/radionuble.cl\/v1\/2026\/04\/05\/10-heridos-deja-volcamiento-de-bus-en-nuble\/","title":{"rendered":"10 heridos deja volcamiento de bus en \u00d1uble"},"content":{"rendered":"<p data-start=\"101\" data-end=\"353\">Un <strong data-start=\"116\" data-end=\"161\">grave accidente en la Ruta 5 Sur en \u00d1uble<\/strong> se registr\u00f3 durante la madrugada de este domingo, luego que un bus interurbano de la empresa Tur Bus volcara en el sector Puente \u00d1iqu\u00e9n, en la comuna de <span class=\"hover:entity-accent entity-underline inline cursor-pointer align-baseline\"><span class=\"whitespace-normal\">\u00d1iqu\u00e9n<\/span><\/span>.<\/p>\n<p data-start=\"355\" data-end=\"558\">El hecho ocurri\u00f3 cerca de las 05:24 horas, cuando la m\u00e1quina que viajaba desde Puerto Montt hacia Santiago perdi\u00f3 el control por causas que a\u00fan se investigan, terminando volcada al interior de un predio.<\/p>\n<p data-start=\"560\" data-end=\"722\">A ra\u00edz del accidente, <strong data-start=\"582\" data-end=\"619\">10 personas resultaron lesionadas<\/strong>, todas de car\u00e1cter leve, siendo trasladadas hasta el Hospital de San Carlos para su evaluaci\u00f3n m\u00e9dica.<\/p>\n<p data-start=\"724\" data-end=\"895\">El Delegado Presidencial, <span class=\"hover:entity-accent entity-underline inline cursor-pointer align-baseline\"><span class=\"whitespace-normal\">Diego Sep\u00falveda<\/span><\/span>, confirm\u00f3 que los afectados fueron atendidos oportunamente por equipos de salud en la provincia de Punilla.<\/p>\n<p data-start=\"897\" data-end=\"1162\">Desde el Ministerio de Obras P\u00fablicas, el seremi <span class=\"hover:entity-accent entity-underline inline cursor-pointer align-baseline\"><span class=\"whitespace-normal\">Luis Carrasco<\/span><\/span> destac\u00f3 la activaci\u00f3n de protocolos de emergencia por parte de la concesionaria Surv\u00edas, lo que permiti\u00f3 asistir a los pasajeros con traslado, alimentaci\u00f3n y un bus de reemplazo.<\/p>\n<p data-start=\"1164\" data-end=\"1349\">En el lugar trabajaron equipos de emergencia, incluyendo Bomberos, SAMU, Carabineros y personal de la concesionaria, quienes adem\u00e1s realizaron labores de rescate y control del tr\u00e1nsito.<\/p>\n<p data-start=\"1351\" data-end=\"1498\">Producto del accidente, una pista en direcci\u00f3n sur a norte se mantuvo cerrada por varias horas, siendo habilitada posteriormente durante la ma\u00f1ana.<\/p>\n<p data-start=\"1500\" data-end=\"1622\">Los pasajeros fueron trasladados hasta el \u00e1rea de servicio de Copihue, donde recibieron apoyo antes de continuar su viaje.<\/p>\n<p data-start=\"1624\" data-end=\"1821\">En paralelo, las autoridades informaron que ya han circulado m\u00e1s de <strong data-start=\"1692\" data-end=\"1722\">120 mil veh\u00edculos en \u00d1uble<\/strong> durante este fin de semana largo, reforzando el llamado a la conducci\u00f3n responsable en el retorno.<\/p>\n","protected":false},"excerpt":{"rendered":"<p>Un grave accidente en la Ruta 5 Sur en \u00d1uble se registr\u00f3 durante la madrugada de este domingo, luego que un bus interurbano de la empresa Tur Bus volcara en el sector Puente \u00d1iqu\u00e9n, en la comuna de \u00d1iqu\u00e9n. El hecho ocurri\u00f3 cerca de las 05:24 horas, cuando la m\u00e1quina que viajaba desde Puerto Montt &hellip;<\/p>\n","protected":false},"author":1,"featured_media":53435,"comment_status":"open","ping_status":"open","sticky":false,"template":"","format":"standard","meta":{"footnotes":""},"categories":[25],"tags":[],"class_list":["post-53434","post","type-post","status-publish","format-standard","has-post-thumbnail","hentry","category-nuble"],"_links":{"self":[{"href":"https:\/\/radionuble.cl\/v1\/wp-json\/wp\/v2\/posts\/53434","targetHints":{"allow":["GET"]}}],"collection":[{"href":"https:\/\/radionuble.cl\/v1\/wp-json\/wp\/v2\/posts"}],"about":[{"href":"https:\/\/radionuble.cl\/v1\/wp-json\/wp\/v2\/types\/post"}],"author":[{"embeddable":true,"href":"https:\/\/radionuble.cl\/v1\/wp-json\/wp\/v2\/users\/1"}],"replies":[{"embeddable":true,"href":"https:\/\/radionuble.cl\/v1\/wp-json\/wp\/v2\/comments?post=53434"}],"version-history":[{"count":1,"href":"https:\/\/radionuble.cl\/v1\/wp-json\/wp\/v2\/posts\/53434\/revisions"}],"predecessor-version":[{"id":53436,"href":"https:\/\/radionuble.cl\/v1\/wp-json\/wp\/v2\/posts\/53434\/revisions\/53436"}],"wp:featuredmedia":[{"embeddable":true,"href":"https:\/\/radionuble.cl\/v1\/wp-json\/wp\/v2\/media\/53435"}],"wp:attachment":[{"href":"https:\/\/radionuble.cl\/v1\/wp-json\/wp\/v2\/media?parent=53434"}],"wp:term":[{"taxonomy":"category","embeddable":true,"href":"https:\/\/radionuble.cl\/v1\/wp-json\/wp\/v2\/categories?post=53434"},{"taxonomy":"post_tag","embeddable":true,"href":"https:\/\/radionuble.cl\/v1\/wp-json\/wp\/v2\/tags?post=53434"}],"curies":[{"name":"wp","href":"https:\/\/api.w.org\/{rel}","templated":true}]}}