{"id":53441,"date":"2026-04-07T15:07:07","date_gmt":"2026-04-07T15:07:07","guid":{"rendered":"https:\/\/radionuble.cl\/v1\/?p=53441"},"modified":"2026-04-07T15:07:07","modified_gmt":"2026-04-07T15:07:07","slug":"asociacion-de-duenos-de-taxibuses-urbanos-de-chillan-celebro-56-anos-y-proyecto-los-desafios-del-transporte-publico-para-2026","status":"publish","type":"post","link":"https:\/\/radionuble.cl\/v1\/2026\/04\/07\/asociacion-de-duenos-de-taxibuses-urbanos-de-chillan-celebro-56-anos-y-proyecto-los-desafios-del-transporte-publico-para-2026\/","title":{"rendered":"Asociaci\u00f3n de Due\u00f1os de Taxibuses Urbanos de Chill\u00e1n celebr\u00f3 56 a\u00f1os y proyect\u00f3 los desaf\u00edos del transporte p\u00fablico para 2026."},"content":{"rendered":"<p>La Asociaci\u00f3n de Due\u00f1os de Taxibuses Urbanos de Chill\u00e1n conmemor\u00f3 el pasado s\u00e1bado su aniversario n\u00famero 56, en una jornada marcada por la reflexi\u00f3n sobre el presente y futuro del transporte p\u00fablico urbano en la ciudad.<\/p>\n<p>Durante la actividad, el presidente del gremio, Humberto Llanos, destac\u00f3 la trayectoria de la organizaci\u00f3n y advirti\u00f3 que este nuevo aniversario encuentra al sector enfrentando desaf\u00edos urgentes y de largo plazo. \u201cCumplir 56 a\u00f1os es motivo de orgullo, pero tambi\u00e9n nos obliga a mirar con seriedad el momento que vive el transporte p\u00fablico. Hay costos que siguen subiendo, exigencias operativas cada vez mayores y la necesidad de tomar decisiones para asegurar la continuidad y modernizaci\u00f3n del servicio\u201d, se\u00f1al\u00f3.<\/p>\n<p>Desde la asociaci\u00f3n indicaron que entre los principales retos de 2026 est\u00e1n el aumento de los costos de operaci\u00f3n, la necesidad de mejores condiciones para mantener el servicio, mayor seguridad para conductores y pasajeros, y una coordinaci\u00f3n m\u00e1s efectiva con las autoridades.<\/p>\n<p>A ello se suma el desaf\u00edo de la electromovilidad, proceso que el gremio considera necesario, pero que debe impulsarse con apoyo real y una planificaci\u00f3n acorde a la realidad local. \u201cNosotros entendemos que la electromovilidad es parte del futuro, pero ese paso no se puede dar sin financiamiento, sin infraestructura y sin considerar la realidad de los operadores. La modernizaci\u00f3n tiene que hacerse con responsabilidad, para que sea una soluci\u00f3n y no un problema mayor para el sistema\u201d, afirm\u00f3 Llanos.<\/p>\n<p>La asociaci\u00f3n sostuvo que este aniversario no solo permite valorar su historia en la conectividad de Chill\u00e1n, sino tambi\u00e9n reafirmar su compromiso con un transporte p\u00fablico moderno, sostenible y viable para los pr\u00f3ximos a\u00f1os<\/p>\n","protected":false},"excerpt":{"rendered":"<p>La Asociaci\u00f3n de Due\u00f1os de Taxibuses Urbanos de Chill\u00e1n conmemor\u00f3 el pasado s\u00e1bado su aniversario n\u00famero 56, en una jornada marcada por la reflexi\u00f3n sobre el presente y futuro del transporte p\u00fablico urbano en la ciudad. Durante la actividad, el presidente del gremio, Humberto Llanos, destac\u00f3 la trayectoria de la organizaci\u00f3n y advirti\u00f3 que este &hellip;<\/p>\n","protected":false},"author":2,"featured_media":53442,"comment_status":"open","ping_status":"open","sticky":false,"template":"","format":"standard","meta":{"footnotes":""},"categories":[1],"tags":[],"class_list":["post-53441","post","type-post","status-publish","format-standard","has-post-thumbnail","hentry","category-uncategorized"],"_links":{"self":[{"href":"https:\/\/radionuble.cl\/v1\/wp-json\/wp\/v2\/posts\/53441","targetHints":{"allow":["GET"]}}],"collection":[{"href":"https:\/\/radionuble.cl\/v1\/wp-json\/wp\/v2\/posts"}],"about":[{"href":"https:\/\/radionuble.cl\/v1\/wp-json\/wp\/v2\/types\/post"}],"author":[{"embeddable":true,"href":"https:\/\/radionuble.cl\/v1\/wp-json\/wp\/v2\/users\/2"}],"replies":[{"embeddable":true,"href":"https:\/\/radionuble.cl\/v1\/wp-json\/wp\/v2\/comments?post=53441"}],"version-history":[{"count":1,"href":"https:\/\/radionuble.cl\/v1\/wp-json\/wp\/v2\/posts\/53441\/revisions"}],"predecessor-version":[{"id":53443,"href":"https:\/\/radionuble.cl\/v1\/wp-json\/wp\/v2\/posts\/53441\/revisions\/53443"}],"wp:featuredmedia":[{"embeddable":true,"href":"https:\/\/radionuble.cl\/v1\/wp-json\/wp\/v2\/media\/53442"}],"wp:attachment":[{"href":"https:\/\/radionuble.cl\/v1\/wp-json\/wp\/v2\/media?parent=53441"}],"wp:term":[{"taxonomy":"category","embeddable":true,"href":"https:\/\/radionuble.cl\/v1\/wp-json\/wp\/v2\/categories?post=53441"},{"taxonomy":"post_tag","embeddable":true,"href":"https:\/\/radionuble.cl\/v1\/wp-json\/wp\/v2\/tags?post=53441"}],"curies":[{"name":"wp","href":"https:\/\/api.w.org\/{rel}","templated":true}]}}