{"id":53447,"date":"2026-04-07T16:45:20","date_gmt":"2026-04-07T16:45:20","guid":{"rendered":"https:\/\/radionuble.cl\/v1\/?p=53447"},"modified":"2026-04-07T16:45:20","modified_gmt":"2026-04-07T16:45:20","slug":"alcalde-denuncia-casas-tomadas-por-narcos-y-violencia-en-villa-de-chillan","status":"publish","type":"post","link":"https:\/\/radionuble.cl\/v1\/2026\/04\/07\/alcalde-denuncia-casas-tomadas-por-narcos-y-violencia-en-villa-de-chillan\/","title":{"rendered":"Alcalde denuncia casas tomadas por narcos y violencia en villa de Chill\u00e1n"},"content":{"rendered":"<p>Un operativo municipal y policial se despleg\u00f3 en Villa Las Almendras de Chill\u00e1n, donde autoridades detectaron una compleja situaci\u00f3n marcada por violencia, infraestructura irregular y presunta presencia del narcotr\u00e1fico.<\/p>\n<p>El alcalde de Chill\u00e1n, Camilo Benavente, explic\u00f3 que durante la intervenci\u00f3n se retir\u00f3 una estructura met\u00e1lica que imped\u00eda la visibilidad de c\u00e1maras de seguridad instaladas en el sector.<\/p>\n<p>Seg\u00fan detall\u00f3 la autoridad, el procedimiento se realiz\u00f3 junto a Carabineros y equipos municipales de Aseo y Ornato, permitiendo ingresar a zonas donde anteriormente no se pod\u00eda operar.<\/p>\n<p>Durante el despliegue, se detectaron veh\u00edculos con impactos bal\u00edsticos, presencia de sangre, acumulaci\u00f3n de basura y viviendas que, seg\u00fan indic\u00f3 el alcalde, estar\u00edan tomadas por el narcotr\u00e1fico.<\/p>\n<p>El jefe comunal se\u00f1al\u00f3 que la situaci\u00f3n es grave y que el sector presenta problemas de seguridad que dificultan el ingreso de las autoridades sin apoyo policial especializado.<\/p>\n<audio class=\"wp-audio-shortcode\" id=\"audio-53447-1\" preload=\"none\" style=\"width: 100%;\" controls=\"controls\"><source type=\"audio\/mpeg\" src=\"https:\/\/radiocontacto.cl\/wp-content\/uploads\/2026\/04\/CUNA-ALMENDRAS-CAMILO.mp3?_=1\" \/><a href=\"https:\/\/radiocontacto.cl\/wp-content\/uploads\/2026\/04\/CUNA-ALMENDRAS-CAMILO.mp3\">https:\/\/radiocontacto.cl\/wp-content\/uploads\/2026\/04\/CUNA-ALMENDRAS-CAMILO.mp3<\/a><\/audio>\n<p>El alcalde Benavente indic\u00f3 que el municipio buscar\u00e1 coordinaci\u00f3n con el Gobierno Regional y la Delegaci\u00f3n Presidencial para recuperar el sector y enfrentar la problem\u00e1tica detectada.<\/p>\n<p>La intervenci\u00f3n permiti\u00f3 despejar obst\u00e1culos, limpiar espacios p\u00fablicos y realizar un diagn\u00f3stico en terreno, con el objetivo de avanzar en medidas para recuperar el barrio.<\/p>\n","protected":false},"excerpt":{"rendered":"<p>Un operativo municipal y policial se despleg\u00f3 en Villa Las Almendras de Chill\u00e1n, donde autoridades detectaron una compleja situaci\u00f3n marcada por violencia, infraestructura irregular y presunta presencia del narcotr\u00e1fico. El alcalde de Chill\u00e1n, Camilo Benavente, explic\u00f3 que durante la intervenci\u00f3n se retir\u00f3 una estructura met\u00e1lica que imped\u00eda la visibilidad de c\u00e1maras de seguridad instaladas en &hellip;<\/p>\n","protected":false},"author":1,"featured_media":48305,"comment_status":"open","ping_status":"open","sticky":false,"template":"","format":"standard","meta":{"footnotes":""},"categories":[24],"tags":[],"class_list":["post-53447","post","type-post","status-publish","format-standard","has-post-thumbnail","hentry","category-chillan"],"_links":{"self":[{"href":"https:\/\/radionuble.cl\/v1\/wp-json\/wp\/v2\/posts\/53447","targetHints":{"allow":["GET"]}}],"collection":[{"href":"https:\/\/radionuble.cl\/v1\/wp-json\/wp\/v2\/posts"}],"about":[{"href":"https:\/\/radionuble.cl\/v1\/wp-json\/wp\/v2\/types\/post"}],"author":[{"embeddable":true,"href":"https:\/\/radionuble.cl\/v1\/wp-json\/wp\/v2\/users\/1"}],"replies":[{"embeddable":true,"href":"https:\/\/radionuble.cl\/v1\/wp-json\/wp\/v2\/comments?post=53447"}],"version-history":[{"count":1,"href":"https:\/\/radionuble.cl\/v1\/wp-json\/wp\/v2\/posts\/53447\/revisions"}],"predecessor-version":[{"id":53448,"href":"https:\/\/radionuble.cl\/v1\/wp-json\/wp\/v2\/posts\/53447\/revisions\/53448"}],"wp:featuredmedia":[{"embeddable":true,"href":"https:\/\/radionuble.cl\/v1\/wp-json\/wp\/v2\/media\/48305"}],"wp:attachment":[{"href":"https:\/\/radionuble.cl\/v1\/wp-json\/wp\/v2\/media?parent=53447"}],"wp:term":[{"taxonomy":"category","embeddable":true,"href":"https:\/\/radionuble.cl\/v1\/wp-json\/wp\/v2\/categories?post=53447"},{"taxonomy":"post_tag","embeddable":true,"href":"https:\/\/radionuble.cl\/v1\/wp-json\/wp\/v2\/tags?post=53447"}],"curies":[{"name":"wp","href":"https:\/\/api.w.org\/{rel}","templated":true}]}}