{"id":53449,"date":"2026-04-07T16:47:05","date_gmt":"2026-04-07T16:47:05","guid":{"rendered":"https:\/\/radionuble.cl\/v1\/?p=53449"},"modified":"2026-04-07T16:47:05","modified_gmt":"2026-04-07T16:47:05","slug":"megaoperativo-en-peligroso-sector-de-chillan-deja-dos-detenidos","status":"publish","type":"post","link":"https:\/\/radionuble.cl\/v1\/2026\/04\/07\/megaoperativo-en-peligroso-sector-de-chillan-deja-dos-detenidos\/","title":{"rendered":"Megaoperativo en peligroso sector de Chill\u00e1n deja dos detenidos"},"content":{"rendered":"<p>Un operativo focalizado en Villa Las Almendras de Chill\u00e1n permiti\u00f3 la detenci\u00f3n de dos hombres por microtr\u00e1fico de drogas, en el marco de la estrategia de seguridad desplegada en el sector poniente de la ciudad.<\/p>\n<p>El procedimiento fue desarrollado por Carabineros tras un trabajo previo de an\u00e1lisis delictual e inteligencia policial que identific\u00f3 la zona como prioritaria para intervenciones.<\/p>\n<p>Durante el despliegue, personal policial detect\u00f3 una transacci\u00f3n de drogas al interior de un veh\u00edculo, donde adem\u00e1s los involucrados se encontraban consumiendo alcohol.<\/p>\n<p>Tras la fiscalizaci\u00f3n, ambos sujetos fueron detenidos por infracci\u00f3n a la Ley 20.000, incaut\u00e1ndose dosis de coca\u00edna que manten\u00edan para su comercializaci\u00f3n.<\/p>\n<p>El operativo cont\u00f3 con la participaci\u00f3n de personal de Control de Orden P\u00fablico y se ejecut\u00f3 de forma paralela a acciones coordinadas con el municipio.<\/p>\n<p>El comisario de Chill\u00e1n, Greco Ruiz del Mauro, indic\u00f3 que estas intervenciones se basan en planificaci\u00f3n y an\u00e1lisis delictual para focalizar recursos en sectores con mayor incidencia.<\/p>\n<p>Carabineros inform\u00f3 que este tipo de procedimientos continuar\u00e1 en Villa Las Almendras y otros puntos considerados cr\u00edticos, con el objetivo de reforzar la seguridad y recuperar espacios p\u00fablicos.<\/p>\n","protected":false},"excerpt":{"rendered":"<p>Un operativo focalizado en Villa Las Almendras de Chill\u00e1n permiti\u00f3 la detenci\u00f3n de dos hombres por microtr\u00e1fico de drogas, en el marco de la estrategia de seguridad desplegada en el sector poniente de la ciudad. El procedimiento fue desarrollado por Carabineros tras un trabajo previo de an\u00e1lisis delictual e inteligencia policial que identific\u00f3 la zona &hellip;<\/p>\n","protected":false},"author":1,"featured_media":51829,"comment_status":"open","ping_status":"open","sticky":false,"template":"","format":"standard","meta":{"footnotes":""},"categories":[24],"tags":[],"class_list":["post-53449","post","type-post","status-publish","format-standard","has-post-thumbnail","hentry","category-chillan"],"_links":{"self":[{"href":"https:\/\/radionuble.cl\/v1\/wp-json\/wp\/v2\/posts\/53449","targetHints":{"allow":["GET"]}}],"collection":[{"href":"https:\/\/radionuble.cl\/v1\/wp-json\/wp\/v2\/posts"}],"about":[{"href":"https:\/\/radionuble.cl\/v1\/wp-json\/wp\/v2\/types\/post"}],"author":[{"embeddable":true,"href":"https:\/\/radionuble.cl\/v1\/wp-json\/wp\/v2\/users\/1"}],"replies":[{"embeddable":true,"href":"https:\/\/radionuble.cl\/v1\/wp-json\/wp\/v2\/comments?post=53449"}],"version-history":[{"count":1,"href":"https:\/\/radionuble.cl\/v1\/wp-json\/wp\/v2\/posts\/53449\/revisions"}],"predecessor-version":[{"id":53450,"href":"https:\/\/radionuble.cl\/v1\/wp-json\/wp\/v2\/posts\/53449\/revisions\/53450"}],"wp:featuredmedia":[{"embeddable":true,"href":"https:\/\/radionuble.cl\/v1\/wp-json\/wp\/v2\/media\/51829"}],"wp:attachment":[{"href":"https:\/\/radionuble.cl\/v1\/wp-json\/wp\/v2\/media?parent=53449"}],"wp:term":[{"taxonomy":"category","embeddable":true,"href":"https:\/\/radionuble.cl\/v1\/wp-json\/wp\/v2\/categories?post=53449"},{"taxonomy":"post_tag","embeddable":true,"href":"https:\/\/radionuble.cl\/v1\/wp-json\/wp\/v2\/tags?post=53449"}],"curies":[{"name":"wp","href":"https:\/\/api.w.org\/{rel}","templated":true}]}}