{"id":53451,"date":"2026-04-07T16:48:14","date_gmt":"2026-04-07T16:48:14","guid":{"rendered":"https:\/\/radionuble.cl\/v1\/?p=53451"},"modified":"2026-04-07T16:48:14","modified_gmt":"2026-04-07T16:48:14","slug":"joven-armada-intenta-asalto-en-supermercado-y-termina-en-prision-preventiva","status":"publish","type":"post","link":"https:\/\/radionuble.cl\/v1\/2026\/04\/07\/joven-armada-intenta-asalto-en-supermercado-y-termina-en-prision-preventiva\/","title":{"rendered":"Joven armada intenta asalto en supermercado y termina en prisi\u00f3n preventiva"},"content":{"rendered":"<p>En prisi\u00f3n preventiva qued\u00f3 una joven de 20 a\u00f1os imputada por robo con intimidaci\u00f3n frustrado tras un procedimiento ocurrido en un supermercado de San Carlos, en la regi\u00f3n de \u00d1uble.<\/p>\n<p>La fiscal jefe de San Carlos, Tamara Cuello Pe\u00f1a, inform\u00f3 que la imputada, identificada como Roc\u00edo Maldonado Navarrete, fue formalizada luego de ser detenida por Carabineros.<\/p>\n<p>Seg\u00fan los antecedentes expuestos en la audiencia, el hecho ocurri\u00f3 cerca de las 19:00 horas del domingo, cuando la mujer intent\u00f3 sustraer especies desde un supermercado ubicado en calle Matta de San Carlos.<\/p>\n<p>Para concretar el delito, la imputada intimid\u00f3 a trabajadores con un arma blanca, generando alarma en el recinto comercial.<\/p>\n<p>Al advertir la presencia policial, la joven huy\u00f3 del lugar, siendo posteriormente detenida por Carabineros.<\/p>\n<p>La Fiscal\u00eda expuso que la imputada mantiene antecedentes previos, incluyendo una condena por da\u00f1os y una investigaci\u00f3n vigente por robo con violencia.<\/p>\n<p>El tribunal acogi\u00f3 los argumentos del Ministerio P\u00fablico y decret\u00f3 la prisi\u00f3n preventiva, al considerar que su libertad constituye un peligro para la seguridad de la sociedad.<\/p>\n<p>El Juzgado de Garant\u00eda de San Carlos fij\u00f3 un plazo de dos meses de investigaci\u00f3n para el desarrollo de las diligencias.<\/p>\n","protected":false},"excerpt":{"rendered":"<p>En prisi\u00f3n preventiva qued\u00f3 una joven de 20 a\u00f1os imputada por robo con intimidaci\u00f3n frustrado tras un procedimiento ocurrido en un supermercado de San Carlos, en la regi\u00f3n de \u00d1uble. La fiscal jefe de San Carlos, Tamara Cuello Pe\u00f1a, inform\u00f3 que la imputada, identificada como Roc\u00edo Maldonado Navarrete, fue formalizada luego de ser detenida por &hellip;<\/p>\n","protected":false},"author":1,"featured_media":50842,"comment_status":"open","ping_status":"open","sticky":false,"template":"","format":"standard","meta":{"footnotes":""},"categories":[25],"tags":[],"class_list":["post-53451","post","type-post","status-publish","format-standard","has-post-thumbnail","hentry","category-nuble"],"_links":{"self":[{"href":"https:\/\/radionuble.cl\/v1\/wp-json\/wp\/v2\/posts\/53451","targetHints":{"allow":["GET"]}}],"collection":[{"href":"https:\/\/radionuble.cl\/v1\/wp-json\/wp\/v2\/posts"}],"about":[{"href":"https:\/\/radionuble.cl\/v1\/wp-json\/wp\/v2\/types\/post"}],"author":[{"embeddable":true,"href":"https:\/\/radionuble.cl\/v1\/wp-json\/wp\/v2\/users\/1"}],"replies":[{"embeddable":true,"href":"https:\/\/radionuble.cl\/v1\/wp-json\/wp\/v2\/comments?post=53451"}],"version-history":[{"count":1,"href":"https:\/\/radionuble.cl\/v1\/wp-json\/wp\/v2\/posts\/53451\/revisions"}],"predecessor-version":[{"id":53452,"href":"https:\/\/radionuble.cl\/v1\/wp-json\/wp\/v2\/posts\/53451\/revisions\/53452"}],"wp:featuredmedia":[{"embeddable":true,"href":"https:\/\/radionuble.cl\/v1\/wp-json\/wp\/v2\/media\/50842"}],"wp:attachment":[{"href":"https:\/\/radionuble.cl\/v1\/wp-json\/wp\/v2\/media?parent=53451"}],"wp:term":[{"taxonomy":"category","embeddable":true,"href":"https:\/\/radionuble.cl\/v1\/wp-json\/wp\/v2\/categories?post=53451"},{"taxonomy":"post_tag","embeddable":true,"href":"https:\/\/radionuble.cl\/v1\/wp-json\/wp\/v2\/tags?post=53451"}],"curies":[{"name":"wp","href":"https:\/\/api.w.org\/{rel}","templated":true}]}}