{"id":53453,"date":"2026-04-07T16:49:04","date_gmt":"2026-04-07T16:49:04","guid":{"rendered":"https:\/\/radionuble.cl\/v1\/?p=53453"},"modified":"2026-04-07T16:49:04","modified_gmt":"2026-04-07T16:49:04","slug":"pagan-bono-de-100-mil-para-transporte-en-chillan-mira-aqui-como-postular","status":"publish","type":"post","link":"https:\/\/radionuble.cl\/v1\/2026\/04\/07\/pagan-bono-de-100-mil-para-transporte-en-chillan-mira-aqui-como-postular\/","title":{"rendered":"Pagan bono de $100 mil para transporte en Chill\u00e1n: mira aqu\u00ed c\u00f3mo postular"},"content":{"rendered":"<p>El bono de $100.000 para taxis, taxis colectivos y transporte escolar comenz\u00f3 su proceso de postulaci\u00f3n como parte de las medidas para enfrentar el alza de los combustibles.<\/p>\n<p>El beneficio contempla un pago mensual entre abril y septiembre de 2026, destinado exclusivamente a la compra de combustible, y ser\u00e1 depositado a trav\u00e9s de CuentaRUT de BancoEstado.<\/p>\n<p>Podr\u00e1n acceder propietarios, meros tenedores y conductores de taxi b\u00e1sico, taxi colectivo y transporte escolar que est\u00e9n inscritos en los registros oficiales del Ministerio de Transportes.<\/p>\n<p>El delegado presidencial de \u00d1uble, Diego Sep\u00falveda, se\u00f1al\u00f3 que la medida busca apoyar a los sectores m\u00e1s afectados por el aumento del precio del combustible, en el marco del plan econ\u00f3mico impulsado por el Gobierno.<\/p>\n<audio class=\"wp-audio-shortcode\" id=\"audio-53453-1\" preload=\"none\" style=\"width: 100%;\" controls=\"controls\"><source type=\"audio\/mpeg\" src=\"https:\/\/radiocontacto.cl\/wp-content\/uploads\/2026\/04\/CUNA-BONO-DIEGO.mp3?_=1\" \/><a href=\"https:\/\/radiocontacto.cl\/wp-content\/uploads\/2026\/04\/CUNA-BONO-DIEGO.mp3\">https:\/\/radiocontacto.cl\/wp-content\/uploads\/2026\/04\/CUNA-BONO-DIEGO.mp3<\/a><\/audio>\n<p>Por su parte, el seremi de Transportes, Omar Sandoval, explic\u00f3 que la postulaci\u00f3n se encuentra abierta entre el 1 y el 7 de abril en una primera etapa, mientras que un segundo periodo se extender\u00e1 hasta el 30 de abril.<\/p>\n<p>La autoridad indic\u00f3 que los pagos se realizar\u00e1n durante abril para quienes postulen en los primeros plazos, y que el beneficio est\u00e1 dise\u00f1ado para operar por seis meses o hasta que disminuya el precio internacional del petr\u00f3leo.<\/p>\n<audio class=\"wp-audio-shortcode\" id=\"audio-53453-2\" preload=\"none\" style=\"width: 100%;\" controls=\"controls\"><source type=\"audio\/mpeg\" src=\"https:\/\/radiocontacto.cl\/wp-content\/uploads\/2026\/04\/CUNA-BONO-SEREMI.mp3?_=2\" \/><a href=\"https:\/\/radiocontacto.cl\/wp-content\/uploads\/2026\/04\/CUNA-BONO-SEREMI.mp3\">https:\/\/radiocontacto.cl\/wp-content\/uploads\/2026\/04\/CUNA-BONO-SEREMI.mp3<\/a><\/audio>\n<p>Seg\u00fan explic\u00f3 el seremi Sandoval, cada beneficiario podr\u00e1 recibir un m\u00e1ximo de $100.000 mensuales, y en caso de que el propietario inscriba a un conductor, \u00e9ste deber\u00e1 confirmar su inscripci\u00f3n mediante correo electr\u00f3nico.<\/p>\n<p>El bono est\u00e1 dirigido a mitigar el impacto del alza de combustibles y evitar que el aumento de costos afecte a los usuarios del transporte menor.<\/p>\n","protected":false},"excerpt":{"rendered":"<p>El bono de $100.000 para taxis, taxis colectivos y transporte escolar comenz\u00f3 su proceso de postulaci\u00f3n como parte de las medidas para enfrentar el alza de los combustibles. El beneficio contempla un pago mensual entre abril y septiembre de 2026, destinado exclusivamente a la compra de combustible, y ser\u00e1 depositado a trav\u00e9s de CuentaRUT de &hellip;<\/p>\n","protected":false},"author":1,"featured_media":53454,"comment_status":"open","ping_status":"open","sticky":false,"template":"","format":"standard","meta":{"footnotes":""},"categories":[24],"tags":[],"class_list":["post-53453","post","type-post","status-publish","format-standard","has-post-thumbnail","hentry","category-chillan"],"_links":{"self":[{"href":"https:\/\/radionuble.cl\/v1\/wp-json\/wp\/v2\/posts\/53453","targetHints":{"allow":["GET"]}}],"collection":[{"href":"https:\/\/radionuble.cl\/v1\/wp-json\/wp\/v2\/posts"}],"about":[{"href":"https:\/\/radionuble.cl\/v1\/wp-json\/wp\/v2\/types\/post"}],"author":[{"embeddable":true,"href":"https:\/\/radionuble.cl\/v1\/wp-json\/wp\/v2\/users\/1"}],"replies":[{"embeddable":true,"href":"https:\/\/radionuble.cl\/v1\/wp-json\/wp\/v2\/comments?post=53453"}],"version-history":[{"count":1,"href":"https:\/\/radionuble.cl\/v1\/wp-json\/wp\/v2\/posts\/53453\/revisions"}],"predecessor-version":[{"id":53455,"href":"https:\/\/radionuble.cl\/v1\/wp-json\/wp\/v2\/posts\/53453\/revisions\/53455"}],"wp:featuredmedia":[{"embeddable":true,"href":"https:\/\/radionuble.cl\/v1\/wp-json\/wp\/v2\/media\/53454"}],"wp:attachment":[{"href":"https:\/\/radionuble.cl\/v1\/wp-json\/wp\/v2\/media?parent=53453"}],"wp:term":[{"taxonomy":"category","embeddable":true,"href":"https:\/\/radionuble.cl\/v1\/wp-json\/wp\/v2\/categories?post=53453"},{"taxonomy":"post_tag","embeddable":true,"href":"https:\/\/radionuble.cl\/v1\/wp-json\/wp\/v2\/tags?post=53453"}],"curies":[{"name":"wp","href":"https:\/\/api.w.org\/{rel}","templated":true}]}}