{"id":53458,"date":"2026-04-07T16:51:27","date_gmt":"2026-04-07T16:51:27","guid":{"rendered":"https:\/\/radionuble.cl\/v1\/?p=53458"},"modified":"2026-04-07T16:51:27","modified_gmt":"2026-04-07T16:51:27","slug":"brecha-laboral-golpea-a-mujeres-en-nuble-casi-la-mitad-queda-fuera-del-trabajo","status":"publish","type":"post","link":"https:\/\/radionuble.cl\/v1\/2026\/04\/07\/brecha-laboral-golpea-a-mujeres-en-nuble-casi-la-mitad-queda-fuera-del-trabajo\/","title":{"rendered":"Brecha laboral golpea a mujeres en \u00d1uble: casi la mitad queda fuera del trabajo"},"content":{"rendered":"<p>Una fuerte brecha de g\u00e9nero en el empleo en \u00d1uble qued\u00f3 en evidencia tras los \u00faltimos datos del mercado laboral, que muestran una menor participaci\u00f3n femenina y mayores niveles de desocupaci\u00f3n.<\/p>\n<p>Seg\u00fan la infograf\u00eda del Instituto Nacional de Estad\u00edsticas, la tasa de participaci\u00f3n laboral femenina alcanza solo un 48,8%, mientras que en los hombres llega al 69,1%, lo que refleja una brecha de m\u00e1s de 20 puntos porcentuales.<\/p>\n<p>Adem\u00e1s, el informe revela que 117.464 personas est\u00e1n fuera de la fuerza laboral, cifra donde predominan las mujeres, principalmente por responsabilidades de cuidados y labores dom\u00e9sticas.<\/p>\n<p>Del total de personas que declaran razones familiares permanentes para no trabajar, el 94,5% corresponde a mujeres, frente a solo un 5,5% de hombres.<\/p>\n<p>En materia de empleo, la tasa de ocupaci\u00f3n femenina llega a 44,8%, mientras que la masculina alcanza 64,2%, ampliando a\u00fan m\u00e1s la diferencia en el acceso al trabajo.<\/p>\n<p>La desocupaci\u00f3n tambi\u00e9n afecta m\u00e1s a las mujeres, con una tasa de 8,2%, superior al 7,1% registrado en hombres.<\/p>\n<p>Otro indicador relevante muestra que el 17,9% de las mujeres est\u00e1 desocupada o desea trabajar m\u00e1s horas, en comparaci\u00f3n con el 14,5% de los hombres.<\/p>\n<p>Asimismo, la informalidad laboral femenina alcanza un 29,3%, manteniendo una brecha con los hombres, que registran 31,5%.<\/p>\n<p>Los datos corresponden a la Encuesta Nacional de Empleo del trimestre diciembre 2025 \u2013 febrero 2026 y evidencian las dificultades persistentes para la inserci\u00f3n laboral femenina en la regi\u00f3n de \u00d1uble.<\/p>\n","protected":false},"excerpt":{"rendered":"<p>Una fuerte brecha de g\u00e9nero en el empleo en \u00d1uble qued\u00f3 en evidencia tras los \u00faltimos datos del mercado laboral, que muestran una menor participaci\u00f3n femenina y mayores niveles de desocupaci\u00f3n. Seg\u00fan la infograf\u00eda del Instituto Nacional de Estad\u00edsticas, la tasa de participaci\u00f3n laboral femenina alcanza solo un 48,8%, mientras que en los hombres llega &hellip;<\/p>\n","protected":false},"author":1,"featured_media":50749,"comment_status":"open","ping_status":"open","sticky":false,"template":"","format":"standard","meta":{"footnotes":""},"categories":[25],"tags":[],"class_list":["post-53458","post","type-post","status-publish","format-standard","has-post-thumbnail","hentry","category-nuble"],"_links":{"self":[{"href":"https:\/\/radionuble.cl\/v1\/wp-json\/wp\/v2\/posts\/53458","targetHints":{"allow":["GET"]}}],"collection":[{"href":"https:\/\/radionuble.cl\/v1\/wp-json\/wp\/v2\/posts"}],"about":[{"href":"https:\/\/radionuble.cl\/v1\/wp-json\/wp\/v2\/types\/post"}],"author":[{"embeddable":true,"href":"https:\/\/radionuble.cl\/v1\/wp-json\/wp\/v2\/users\/1"}],"replies":[{"embeddable":true,"href":"https:\/\/radionuble.cl\/v1\/wp-json\/wp\/v2\/comments?post=53458"}],"version-history":[{"count":1,"href":"https:\/\/radionuble.cl\/v1\/wp-json\/wp\/v2\/posts\/53458\/revisions"}],"predecessor-version":[{"id":53459,"href":"https:\/\/radionuble.cl\/v1\/wp-json\/wp\/v2\/posts\/53458\/revisions\/53459"}],"wp:featuredmedia":[{"embeddable":true,"href":"https:\/\/radionuble.cl\/v1\/wp-json\/wp\/v2\/media\/50749"}],"wp:attachment":[{"href":"https:\/\/radionuble.cl\/v1\/wp-json\/wp\/v2\/media?parent=53458"}],"wp:term":[{"taxonomy":"category","embeddable":true,"href":"https:\/\/radionuble.cl\/v1\/wp-json\/wp\/v2\/categories?post=53458"},{"taxonomy":"post_tag","embeddable":true,"href":"https:\/\/radionuble.cl\/v1\/wp-json\/wp\/v2\/tags?post=53458"}],"curies":[{"name":"wp","href":"https:\/\/api.w.org\/{rel}","templated":true}]}}