{"id":53460,"date":"2026-04-07T19:05:55","date_gmt":"2026-04-07T19:05:55","guid":{"rendered":"https:\/\/radionuble.cl\/v1\/?p=53460"},"modified":"2026-04-07T19:05:55","modified_gmt":"2026-04-07T19:05:55","slug":"pagos-del-cae-se-disparan-tras-plan-de-cobro-recaudacion-sube-de-30-a-200-millones-diarios","status":"publish","type":"post","link":"https:\/\/radionuble.cl\/v1\/2026\/04\/07\/pagos-del-cae-se-disparan-tras-plan-de-cobro-recaudacion-sube-de-30-a-200-millones-diarios\/","title":{"rendered":"Pagos del CAE se disparan tras plan de cobro: recaudaci\u00f3n sube de $30 a $200 millones diarios"},"content":{"rendered":"<p>El plan del Gobierno para cobrar a deudores del CAE comenz\u00f3 a mostrar sus primeros efectos, con un fuerte aumento en la recaudaci\u00f3n diaria que pas\u00f3 de $30 millones a cerca de $200 millones.<\/p>\n<p>El ministro de Hacienda, Jorge Quiroz, se\u00f1al\u00f3 que el incremento se registr\u00f3 inmediatamente despu\u00e9s del anuncio del proceso de recuperaci\u00f3n de deuda.<\/p>\n<p>Seg\u00fan explic\u00f3 la autoridad, el alza responde a la identificaci\u00f3n de personas con capacidad de pago que no estaban cumpliendo con sus obligaciones.<\/p>\n<p>El secretario de Estado sostuvo que la recaudaci\u00f3n actual multiplica por m\u00e1s de seis veces los montos que se obten\u00edan antes del inicio del plan.<\/p>\n<p>En el marco del debate, el ministro calific\u00f3 la situaci\u00f3n como un \u201cfraude social\u201d, diferenciando entre gasto social y el incumplimiento del pago del cr\u00e9dito estudiantil.<\/p>\n<p>Las declaraciones generaron reacciones en el mundo pol\u00edtico, donde surgieron cuestionamientos por el tono utilizado y por la situaci\u00f3n de quienes no pueden pagar.<\/p>\n<p>Desde el oficialismo y la oposici\u00f3n tambi\u00e9n plantearon la necesidad de abordar el problema estructural del endeudamiento estudiantil.<\/p>\n<p>El Ejecutivo continuar\u00e1 con el plan de cobro a trav\u00e9s de la Tesorer\u00eda, focalizando la estrategia en deudores con mayores ingresos.<\/p>\n<p>Se espera que en las pr\u00f3ximas semanas contin\u00fae aumentando la recuperaci\u00f3n de recursos asociados al Cr\u00e9dito con Aval del Estado.<\/p>\n","protected":false},"excerpt":{"rendered":"<p>El plan del Gobierno para cobrar a deudores del CAE comenz\u00f3 a mostrar sus primeros efectos, con un fuerte aumento en la recaudaci\u00f3n diaria que pas\u00f3 de $30 millones a cerca de $200 millones. El ministro de Hacienda, Jorge Quiroz, se\u00f1al\u00f3 que el incremento se registr\u00f3 inmediatamente despu\u00e9s del anuncio del proceso de recuperaci\u00f3n de &hellip;<\/p>\n","protected":false},"author":1,"featured_media":53461,"comment_status":"open","ping_status":"open","sticky":false,"template":"","format":"standard","meta":{"footnotes":""},"categories":[26],"tags":[],"class_list":["post-53460","post","type-post","status-publish","format-standard","has-post-thumbnail","hentry","category-pais"],"_links":{"self":[{"href":"https:\/\/radionuble.cl\/v1\/wp-json\/wp\/v2\/posts\/53460","targetHints":{"allow":["GET"]}}],"collection":[{"href":"https:\/\/radionuble.cl\/v1\/wp-json\/wp\/v2\/posts"}],"about":[{"href":"https:\/\/radionuble.cl\/v1\/wp-json\/wp\/v2\/types\/post"}],"author":[{"embeddable":true,"href":"https:\/\/radionuble.cl\/v1\/wp-json\/wp\/v2\/users\/1"}],"replies":[{"embeddable":true,"href":"https:\/\/radionuble.cl\/v1\/wp-json\/wp\/v2\/comments?post=53460"}],"version-history":[{"count":1,"href":"https:\/\/radionuble.cl\/v1\/wp-json\/wp\/v2\/posts\/53460\/revisions"}],"predecessor-version":[{"id":53462,"href":"https:\/\/radionuble.cl\/v1\/wp-json\/wp\/v2\/posts\/53460\/revisions\/53462"}],"wp:featuredmedia":[{"embeddable":true,"href":"https:\/\/radionuble.cl\/v1\/wp-json\/wp\/v2\/media\/53461"}],"wp:attachment":[{"href":"https:\/\/radionuble.cl\/v1\/wp-json\/wp\/v2\/media?parent=53460"}],"wp:term":[{"taxonomy":"category","embeddable":true,"href":"https:\/\/radionuble.cl\/v1\/wp-json\/wp\/v2\/categories?post=53460"},{"taxonomy":"post_tag","embeddable":true,"href":"https:\/\/radionuble.cl\/v1\/wp-json\/wp\/v2\/tags?post=53460"}],"curies":[{"name":"wp","href":"https:\/\/api.w.org\/{rel}","templated":true}]}}