{"id":53463,"date":"2026-04-07T19:06:56","date_gmt":"2026-04-07T19:06:56","guid":{"rendered":"https:\/\/radionuble.cl\/v1\/?p=53463"},"modified":"2026-04-07T19:06:56","modified_gmt":"2026-04-07T19:06:56","slug":"colegio-de-profesores-arremete-contra-proyecto-de-kast-lo-tilda-de-pobre-y-tramposo","status":"publish","type":"post","link":"https:\/\/radionuble.cl\/v1\/2026\/04\/07\/colegio-de-profesores-arremete-contra-proyecto-de-kast-lo-tilda-de-pobre-y-tramposo\/","title":{"rendered":"Colegio de Profesores arremete contra proyecto de Kast: lo tilda de \u201cpobre y tramposo\u201d"},"content":{"rendered":"<p>El presidente del Colegio de Profesoras y Profesores, Mario Aguilar Ar\u00e9valo, critic\u00f3 los proyectos de ley anunciados por el presidente Jos\u00e9 Antonio Kast para enfrentar la violencia escolar, calific\u00e1ndolos como insuficientes y con medidas cuestionadas.<\/p>\n<p>El dirigente se\u00f1al\u00f3 que, en una primera revisi\u00f3n, las iniciativas \u201cquedan absolutamente pobres\u201d frente a la gravedad del problema que se busca abordar en los establecimientos educacionales.<\/p>\n<p>Aguilar sostuvo que las propuestas se enfocan en sanciones y efectos, pero no en las causas estructurales de la violencia escolar.<\/p>\n<p>En ese sentido, indic\u00f3 que no se considera el problema de la salud mental en el sistema educativo, el cual calific\u00f3 como uno de los factores principales detr\u00e1s de los episodios de violencia.<\/p>\n<p>El l\u00edder gremial tambi\u00e9n cuestion\u00f3 el enfoque del curr\u00edculum educativo, se\u00f1alando que existe una presi\u00f3n excesiva por resultados acad\u00e9micos y pruebas estandarizadas.<\/p>\n<p>Seg\u00fan plante\u00f3, esto dejar\u00eda de lado la educaci\u00f3n emocional y el desarrollo social de los estudiantes, elementos que considera claves para abordar el problema de fondo.<\/p>\n<p>Adem\u00e1s, critic\u00f3 la medida que sanciona la interrupci\u00f3n de clases, se\u00f1alando que podr\u00eda equiparar protestas pac\u00edficas con hechos violentos.<\/p>\n<p>El presidente del gremio docente tambi\u00e9n cuestion\u00f3 la eventual inhabilidad para acceder a la gratuidad en educaci\u00f3n superior, se\u00f1alando que podr\u00eda significar sanciones permanentes para estudiantes.<\/p>\n<p>Desde el Colegio de Profesores advirtieron que las propuestas no abordan integralmente la violencia escolar y que contienen medidas que, a su juicio, afectan derechos fundamentales.<\/p>\n","protected":false},"excerpt":{"rendered":"<p>El presidente del Colegio de Profesoras y Profesores, Mario Aguilar Ar\u00e9valo, critic\u00f3 los proyectos de ley anunciados por el presidente Jos\u00e9 Antonio Kast para enfrentar la violencia escolar, calific\u00e1ndolos como insuficientes y con medidas cuestionadas. El dirigente se\u00f1al\u00f3 que, en una primera revisi\u00f3n, las iniciativas \u201cquedan absolutamente pobres\u201d frente a la gravedad del problema que &hellip;<\/p>\n","protected":false},"author":1,"featured_media":47917,"comment_status":"open","ping_status":"open","sticky":false,"template":"","format":"standard","meta":{"footnotes":""},"categories":[26],"tags":[],"class_list":["post-53463","post","type-post","status-publish","format-standard","has-post-thumbnail","hentry","category-pais"],"_links":{"self":[{"href":"https:\/\/radionuble.cl\/v1\/wp-json\/wp\/v2\/posts\/53463","targetHints":{"allow":["GET"]}}],"collection":[{"href":"https:\/\/radionuble.cl\/v1\/wp-json\/wp\/v2\/posts"}],"about":[{"href":"https:\/\/radionuble.cl\/v1\/wp-json\/wp\/v2\/types\/post"}],"author":[{"embeddable":true,"href":"https:\/\/radionuble.cl\/v1\/wp-json\/wp\/v2\/users\/1"}],"replies":[{"embeddable":true,"href":"https:\/\/radionuble.cl\/v1\/wp-json\/wp\/v2\/comments?post=53463"}],"version-history":[{"count":1,"href":"https:\/\/radionuble.cl\/v1\/wp-json\/wp\/v2\/posts\/53463\/revisions"}],"predecessor-version":[{"id":53464,"href":"https:\/\/radionuble.cl\/v1\/wp-json\/wp\/v2\/posts\/53463\/revisions\/53464"}],"wp:featuredmedia":[{"embeddable":true,"href":"https:\/\/radionuble.cl\/v1\/wp-json\/wp\/v2\/media\/47917"}],"wp:attachment":[{"href":"https:\/\/radionuble.cl\/v1\/wp-json\/wp\/v2\/media?parent=53463"}],"wp:term":[{"taxonomy":"category","embeddable":true,"href":"https:\/\/radionuble.cl\/v1\/wp-json\/wp\/v2\/categories?post=53463"},{"taxonomy":"post_tag","embeddable":true,"href":"https:\/\/radionuble.cl\/v1\/wp-json\/wp\/v2\/tags?post=53463"}],"curies":[{"name":"wp","href":"https:\/\/api.w.org\/{rel}","templated":true}]}}