{"id":53465,"date":"2026-04-07T19:13:49","date_gmt":"2026-04-07T19:13:49","guid":{"rendered":"https:\/\/radionuble.cl\/v1\/?p=53465"},"modified":"2026-04-07T19:13:49","modified_gmt":"2026-04-07T19:13:49","slug":"nuble-se-ubica-entre-las-regiones-con-mayor-ejecucion-presupuestaria-del-pais","status":"publish","type":"post","link":"https:\/\/radionuble.cl\/v1\/2026\/04\/07\/nuble-se-ubica-entre-las-regiones-con-mayor-ejecucion-presupuestaria-del-pais\/","title":{"rendered":"\u00d1uble se ubica entre las regiones con mayor ejecuci\u00f3n presupuestaria del pa\u00eds"},"content":{"rendered":"<p>El Gobierno Regional de \u00d1uble alcanz\u00f3 la segunda ejecuci\u00f3n presupuestaria m\u00e1s alta del pa\u00eds, con un gasto del 16,1% al cierre de febrero de 2026.<\/p>\n<p>La cifra supera ampliamente el promedio nacional, que llega al 7,8%, posicionando a la regi\u00f3n entre las con mejor desempe\u00f1o en el uso de recursos p\u00fablicos.<\/p>\n<p>El ranking es liderado por la Regi\u00f3n del Maule con un 16,4%, seguida por \u00d1uble con 16,1% y Arica y Parinacota con un 12,9%.<\/p>\n<p>Desde el Gobierno Regional se\u00f1alaron que estos resultados reflejan una gesti\u00f3n eficiente del presupuesto y un avance en la ejecuci\u00f3n de proyectos en las 21 comunas.<\/p>\n<p>El jefe de la Divisi\u00f3n de Presupuesto e Inversi\u00f3n del Gobierno Regional, Juan Parada, indic\u00f3 que el reporte corresponde al informe mensual de la Direcci\u00f3n de Presupuestos.<\/p>\n<p>El funcionario explic\u00f3 que el desempe\u00f1o se debe a un modelo de control del gasto que monitorea el cumplimiento de metas mensuales por parte de las unidades t\u00e9cnicas.<\/p>\n<p>Este sistema utiliza alertas tipo sem\u00e1foro para evaluar el avance de iniciativas y asegurar la ejecuci\u00f3n de los recursos aprobados.<\/p>\n<p>Desde el Gobierno Regional proyectan cerrar el trimestre con al menos un 22% de ejecuci\u00f3n presupuestaria.<\/p>\n<p>El monitoreo considera criterios como plazos de licitaci\u00f3n, tiempos de adjudicaci\u00f3n y vigencia de contratos de obras.<\/p>\n","protected":false},"excerpt":{"rendered":"<p>El Gobierno Regional de \u00d1uble alcanz\u00f3 la segunda ejecuci\u00f3n presupuestaria m\u00e1s alta del pa\u00eds, con un gasto del 16,1% al cierre de febrero de 2026. La cifra supera ampliamente el promedio nacional, que llega al 7,8%, posicionando a la regi\u00f3n entre las con mejor desempe\u00f1o en el uso de recursos p\u00fablicos. El ranking es liderado &hellip;<\/p>\n","protected":false},"author":1,"featured_media":51557,"comment_status":"open","ping_status":"open","sticky":false,"template":"","format":"standard","meta":{"footnotes":""},"categories":[25],"tags":[],"class_list":["post-53465","post","type-post","status-publish","format-standard","has-post-thumbnail","hentry","category-nuble"],"_links":{"self":[{"href":"https:\/\/radionuble.cl\/v1\/wp-json\/wp\/v2\/posts\/53465","targetHints":{"allow":["GET"]}}],"collection":[{"href":"https:\/\/radionuble.cl\/v1\/wp-json\/wp\/v2\/posts"}],"about":[{"href":"https:\/\/radionuble.cl\/v1\/wp-json\/wp\/v2\/types\/post"}],"author":[{"embeddable":true,"href":"https:\/\/radionuble.cl\/v1\/wp-json\/wp\/v2\/users\/1"}],"replies":[{"embeddable":true,"href":"https:\/\/radionuble.cl\/v1\/wp-json\/wp\/v2\/comments?post=53465"}],"version-history":[{"count":1,"href":"https:\/\/radionuble.cl\/v1\/wp-json\/wp\/v2\/posts\/53465\/revisions"}],"predecessor-version":[{"id":53466,"href":"https:\/\/radionuble.cl\/v1\/wp-json\/wp\/v2\/posts\/53465\/revisions\/53466"}],"wp:featuredmedia":[{"embeddable":true,"href":"https:\/\/radionuble.cl\/v1\/wp-json\/wp\/v2\/media\/51557"}],"wp:attachment":[{"href":"https:\/\/radionuble.cl\/v1\/wp-json\/wp\/v2\/media?parent=53465"}],"wp:term":[{"taxonomy":"category","embeddable":true,"href":"https:\/\/radionuble.cl\/v1\/wp-json\/wp\/v2\/categories?post=53465"},{"taxonomy":"post_tag","embeddable":true,"href":"https:\/\/radionuble.cl\/v1\/wp-json\/wp\/v2\/tags?post=53465"}],"curies":[{"name":"wp","href":"https:\/\/api.w.org\/{rel}","templated":true}]}}