{"id":53468,"date":"2026-04-08T15:09:20","date_gmt":"2026-04-08T15:09:20","guid":{"rendered":"https:\/\/radionuble.cl\/v1\/?p=53468"},"modified":"2026-04-08T15:46:08","modified_gmt":"2026-04-08T15:46:08","slug":"municipalidad-de-chillan-conmemoro-el-dia-de-la-salud-y-la-actividad-fisica-con-feria-ciudadana-en-el-paseo-arauco","status":"publish","type":"post","link":"https:\/\/radionuble.cl\/v1\/2026\/04\/08\/municipalidad-de-chillan-conmemoro-el-dia-de-la-salud-y-la-actividad-fisica-con-feria-ciudadana-en-el-paseo-arauco\/","title":{"rendered":"Municipalidad de Chill\u00e1n conmemor\u00f3 el D\u00eda de la Salud y la Actividad F\u00edsica con feria ciudadana en el Paseo Arauco."},"content":{"rendered":"<ul class=\"elementToProof\" data-editing-info=\"{&quot;applyListStyleFromLevel&quot;:true}\">\n<li>\n<div role=\"presentation\"><i>En la actividad, organizada por la Direcci\u00f3n de Salud y Deportes, autoridades alertaron sobre el impacto del sedentarismo infantil. El 51% de los ni\u00f1os y adolescentes en Chile presenta malnutrici\u00f3n por exceso.<\/i><\/div>\n<\/li>\n<\/ul>\n<div class=\"elementToProof\">Una alta convocatoria tuvo la feria realizada en el Paseo Arauco de Chill\u00e1n, instancia con la que la Municipalidad de Chill\u00e1n, a trav\u00e9s de sus direcciones de Salud y Deportes y Recreaci\u00f3n, conmemor\u00f3 el D\u00eda Mundial de la Salud y la Actividad F\u00edsica.<\/div>\n<div class=\"elementToProof\">La jornada reuni\u00f3 a estudiantes, vecinos y vecinas en torno a diversas actividades orientadas a promover estilos de vida saludables, transformando el espacio en un punto de encuentro para el deporte, la recreaci\u00f3n y el bienestar.<\/div>\n<div class=\"elementToProof\">Durante la actividad, la Direcci\u00f3n de Salud \u2014mediante su Programa de Promoci\u00f3n de la Salud\u2014 present\u00f3 a la comunidad parte de la oferta disponible en la red de atenci\u00f3n primaria y secundaria, acercando informaci\u00f3n relevante sobre prestaciones y programas vigentes.<\/div>\n<div class=\"elementToProof\">En paralelo, la Direcci\u00f3n de Deportes y Recreaci\u00f3n dio a conocer los distintos talleres e iniciativas que se desarrollan en la comuna, incentivando la participaci\u00f3n de la ciudadan\u00eda en actividades f\u00edsicas de manera regular.<\/div>\n<div class=\"elementToProof\">El alcalde de Chill\u00e1n, Camilo Benavente Jim\u00e9nez, destac\u00f3 la importancia de este tipo de instancias se\u00f1alando que \u201cesta actividad permite visibilizar el trabajo que realizan distintas \u00e1reas del municipio para promover la vida activa. La actividad f\u00edsica es fundamental para la salud f\u00edsica y mental, y es importante fomentarla en todas las edades, desde ni\u00f1os hasta adultos mayores\u201d.<\/div>\n<div class=\"elementToProof\">Por su parte, el director (s) de Salud Municipal, Fernando Bustamante Ulloa, advirti\u00f3 sobre el impacto del sedentarismo en la poblaci\u00f3n infantil, exponiendo los resultados del Mapa Nutricional 2025 de Junaeb. \u201cHoy enfrentamos un problema de salud p\u00fablica relevante: el 51% de los ni\u00f1os y adolescentes presenta malnutrici\u00f3n por exceso, y de ellos, un 25% corresponde a obesidad. Adem\u00e1s, en niveles como quinto b\u00e1sico esta cifra alcanza cerca del 61%, mientras que en los m\u00e1s peque\u00f1os ha ido en aumento en los \u00faltimos a\u00f1os\u201d.<\/div>\n<div class=\"elementToProof\">En esa l\u00ednea, Bustamante agreg\u00f3 que \u201cla evidencia indica que, si los ni\u00f1os realizaran actividad f\u00edsica al menos tres veces por semana durante 60 minutos, estos indicadores podr\u00edan disminuir en aproximadamente 7 puntos porcentuales. Por eso, es fundamental promover h\u00e1bitos saludables desde la infancia, involucrando no solo al sistema de salud, sino tambi\u00e9n a las familias y la comunidad\u201d.<\/div>\n","protected":false},"excerpt":{"rendered":"<p>En la actividad, organizada por la Direcci\u00f3n de Salud y Deportes, autoridades alertaron sobre el impacto del sedentarismo infantil. El 51% de los ni\u00f1os y adolescentes en Chile presenta malnutrici\u00f3n por exceso. Una alta convocatoria tuvo la feria realizada en el Paseo Arauco de Chill\u00e1n, instancia con la que la Municipalidad de Chill\u00e1n, a trav\u00e9s &hellip;<\/p>\n","protected":false},"author":2,"featured_media":53484,"comment_status":"open","ping_status":"open","sticky":false,"template":"","format":"standard","meta":{"footnotes":""},"categories":[24,1],"tags":[],"class_list":["post-53468","post","type-post","status-publish","format-standard","has-post-thumbnail","hentry","category-chillan","category-uncategorized"],"_links":{"self":[{"href":"https:\/\/radionuble.cl\/v1\/wp-json\/wp\/v2\/posts\/53468","targetHints":{"allow":["GET"]}}],"collection":[{"href":"https:\/\/radionuble.cl\/v1\/wp-json\/wp\/v2\/posts"}],"about":[{"href":"https:\/\/radionuble.cl\/v1\/wp-json\/wp\/v2\/types\/post"}],"author":[{"embeddable":true,"href":"https:\/\/radionuble.cl\/v1\/wp-json\/wp\/v2\/users\/2"}],"replies":[{"embeddable":true,"href":"https:\/\/radionuble.cl\/v1\/wp-json\/wp\/v2\/comments?post=53468"}],"version-history":[{"count":1,"href":"https:\/\/radionuble.cl\/v1\/wp-json\/wp\/v2\/posts\/53468\/revisions"}],"predecessor-version":[{"id":53485,"href":"https:\/\/radionuble.cl\/v1\/wp-json\/wp\/v2\/posts\/53468\/revisions\/53485"}],"wp:featuredmedia":[{"embeddable":true,"href":"https:\/\/radionuble.cl\/v1\/wp-json\/wp\/v2\/media\/53484"}],"wp:attachment":[{"href":"https:\/\/radionuble.cl\/v1\/wp-json\/wp\/v2\/media?parent=53468"}],"wp:term":[{"taxonomy":"category","embeddable":true,"href":"https:\/\/radionuble.cl\/v1\/wp-json\/wp\/v2\/categories?post=53468"},{"taxonomy":"post_tag","embeddable":true,"href":"https:\/\/radionuble.cl\/v1\/wp-json\/wp\/v2\/tags?post=53468"}],"curies":[{"name":"wp","href":"https:\/\/api.w.org\/{rel}","templated":true}]}}