{"id":53469,"date":"2026-04-08T14:55:31","date_gmt":"2026-04-08T14:55:31","guid":{"rendered":"https:\/\/radionuble.cl\/v1\/?p=53469"},"modified":"2026-04-08T14:55:31","modified_gmt":"2026-04-08T14:55:31","slug":"brutal-ataque-contra-mujer-en-chillan-autor-en-prision","status":"publish","type":"post","link":"https:\/\/radionuble.cl\/v1\/2026\/04\/08\/brutal-ataque-contra-mujer-en-chillan-autor-en-prision\/","title":{"rendered":"Brutal ataque contra mujer en Chill\u00e1n: autor en prisi\u00f3n"},"content":{"rendered":"<p>En prisi\u00f3n preventiva qued\u00f3 un hombre de 38 a\u00f1os imputado por violaci\u00f3n y abuso sexual contra una mujer en un hecho ocurrido en Chill\u00e1n.<\/p>\n<p>La fiscal Claudia Z\u00e1rate Rojas inform\u00f3 que el ataque fue denunciado por la v\u00edctima y habr\u00eda ocurrido el 23 de febrero en un sector cercano al Puente El Diablo, en el kil\u00f3metro 6 del camino a Quilmo.<\/p>\n<p>Seg\u00fan los antecedentes expuestos en la audiencia, ambos llegaron hasta el lugar durante la tarde, instancia en la que el imputado habr\u00eda cometido el delito.<\/p>\n<p>El sujeto fue detenido por detectives de la Brigada Investigadora de Delitos Sexuales de la PDI, tras una orden solicitada por la Fiscal\u00eda al tribunal.<\/p>\n<p>El Ministerio P\u00fablico argument\u00f3 que la libertad del imputado representa un peligro para la seguridad de la sociedad y para la v\u00edctima.<\/p>\n<p>El tribunal acogi\u00f3 la solicitud y decret\u00f3 la prisi\u00f3n preventiva mientras se desarrolla la investigaci\u00f3n.<\/p>\n<p>El Juzgado de Garant\u00eda de Chill\u00e1n fij\u00f3 un plazo de dos meses para el desarrollo de las diligencias.<\/p>\n","protected":false},"excerpt":{"rendered":"<p>En prisi\u00f3n preventiva qued\u00f3 un hombre de 38 a\u00f1os imputado por violaci\u00f3n y abuso sexual contra una mujer en un hecho ocurrido en Chill\u00e1n. La fiscal Claudia Z\u00e1rate Rojas inform\u00f3 que el ataque fue denunciado por la v\u00edctima y habr\u00eda ocurrido el 23 de febrero en un sector cercano al Puente El Diablo, en el &hellip;<\/p>\n","protected":false},"author":1,"featured_media":48564,"comment_status":"open","ping_status":"open","sticky":false,"template":"","format":"standard","meta":{"footnotes":""},"categories":[24],"tags":[],"class_list":["post-53469","post","type-post","status-publish","format-standard","has-post-thumbnail","hentry","category-chillan"],"_links":{"self":[{"href":"https:\/\/radionuble.cl\/v1\/wp-json\/wp\/v2\/posts\/53469","targetHints":{"allow":["GET"]}}],"collection":[{"href":"https:\/\/radionuble.cl\/v1\/wp-json\/wp\/v2\/posts"}],"about":[{"href":"https:\/\/radionuble.cl\/v1\/wp-json\/wp\/v2\/types\/post"}],"author":[{"embeddable":true,"href":"https:\/\/radionuble.cl\/v1\/wp-json\/wp\/v2\/users\/1"}],"replies":[{"embeddable":true,"href":"https:\/\/radionuble.cl\/v1\/wp-json\/wp\/v2\/comments?post=53469"}],"version-history":[{"count":1,"href":"https:\/\/radionuble.cl\/v1\/wp-json\/wp\/v2\/posts\/53469\/revisions"}],"predecessor-version":[{"id":53470,"href":"https:\/\/radionuble.cl\/v1\/wp-json\/wp\/v2\/posts\/53469\/revisions\/53470"}],"wp:featuredmedia":[{"embeddable":true,"href":"https:\/\/radionuble.cl\/v1\/wp-json\/wp\/v2\/media\/48564"}],"wp:attachment":[{"href":"https:\/\/radionuble.cl\/v1\/wp-json\/wp\/v2\/media?parent=53469"}],"wp:term":[{"taxonomy":"category","embeddable":true,"href":"https:\/\/radionuble.cl\/v1\/wp-json\/wp\/v2\/categories?post=53469"},{"taxonomy":"post_tag","embeddable":true,"href":"https:\/\/radionuble.cl\/v1\/wp-json\/wp\/v2\/tags?post=53469"}],"curies":[{"name":"wp","href":"https:\/\/api.w.org\/{rel}","templated":true}]}}