{"id":53474,"date":"2026-04-08T14:59:20","date_gmt":"2026-04-08T14:59:20","guid":{"rendered":"https:\/\/radionuble.cl\/v1\/?p=53474"},"modified":"2026-04-08T14:59:28","modified_gmt":"2026-04-08T14:59:28","slug":"ministra-mara-sedini-llegara-este-viernes-a-chillan-con-intensa-agenda","status":"publish","type":"post","link":"https:\/\/radionuble.cl\/v1\/2026\/04\/08\/ministra-mara-sedini-llegara-este-viernes-a-chillan-con-intensa-agenda\/","title":{"rendered":"Ministra Mara Sedini llegar\u00e1 este viernes a Chill\u00e1n con intensa agenda"},"content":{"rendered":"<p>El delegado presidencial de \u00d1uble confirm\u00f3 la llegada de autoridades nacionales este viernes, con una agenda enfocada en reconstrucci\u00f3n, coordinaci\u00f3n territorial y avance de grandes obras para la regi\u00f3n.<\/p>\n<p>El delegado presidencial de \u00d1uble, Diego Sep\u00falveda, inform\u00f3 que este viernes la regi\u00f3n recibir\u00e1 la visita de la <strong>ministra vocera de Gobierno<\/strong>, Mara Sedini, y del subsecretario de Obras P\u00fablicas, Nicola Balmaceda.<\/p>\n<p>La autoridad se\u00f1al\u00f3 que durante la jornada se realizar\u00e1n reuniones de coordinaci\u00f3n y despliegue territorial en distintas comunas, con foco en avances de <strong>reconstrucci\u00f3n<\/strong> y proyectos prioritarios.<\/p>\n<p>Seg\u00fan explic\u00f3, la visita busca fortalecer el trabajo en terreno y acelerar iniciativas que se encuentran en desarrollo, especialmente en materia de infraestructura y conectividad.<\/p>\n<h2>Agenda enfocada en grandes proyectos<\/h2>\n<p>Desde la Delegaci\u00f3n Presidencial indicaron que el recorrido permitir\u00e1 revisar el estado de obras y coordinar acciones entre servicios p\u00fablicos y autoridades locales.<\/p>\n<p>Adem\u00e1s, se espera impulsar el avance de proyectos estrat\u00e9gicos para la regi\u00f3n, con \u00e9nfasis en obras p\u00fablicas y mejoras para las comunidades.<\/p>\n<p>El despliegue tambi\u00e9n contemplar\u00e1 actividades vinculadas a la vocer\u00eda de Gobierno, con el objetivo de informar a la ciudadan\u00eda sobre medidas y avances en curso.<\/p>\n<p>La visita de ambas autoridades ya fue confirmada y forma parte de una agenda que busca acelerar decisiones y fortalecer la coordinaci\u00f3n regional.<\/p>\n","protected":false},"excerpt":{"rendered":"<p>El delegado presidencial de \u00d1uble confirm\u00f3 la llegada de autoridades nacionales este viernes, con una agenda enfocada en reconstrucci\u00f3n, coordinaci\u00f3n territorial y avance de grandes obras para la regi\u00f3n. El delegado presidencial de \u00d1uble, Diego Sep\u00falveda, inform\u00f3 que este viernes la regi\u00f3n recibir\u00e1 la visita de la ministra vocera de Gobierno, Mara Sedini, y del &hellip;<\/p>\n","protected":false},"author":1,"featured_media":53475,"comment_status":"open","ping_status":"open","sticky":false,"template":"","format":"standard","meta":{"footnotes":""},"categories":[24],"tags":[],"class_list":["post-53474","post","type-post","status-publish","format-standard","has-post-thumbnail","hentry","category-chillan"],"_links":{"self":[{"href":"https:\/\/radionuble.cl\/v1\/wp-json\/wp\/v2\/posts\/53474","targetHints":{"allow":["GET"]}}],"collection":[{"href":"https:\/\/radionuble.cl\/v1\/wp-json\/wp\/v2\/posts"}],"about":[{"href":"https:\/\/radionuble.cl\/v1\/wp-json\/wp\/v2\/types\/post"}],"author":[{"embeddable":true,"href":"https:\/\/radionuble.cl\/v1\/wp-json\/wp\/v2\/users\/1"}],"replies":[{"embeddable":true,"href":"https:\/\/radionuble.cl\/v1\/wp-json\/wp\/v2\/comments?post=53474"}],"version-history":[{"count":2,"href":"https:\/\/radionuble.cl\/v1\/wp-json\/wp\/v2\/posts\/53474\/revisions"}],"predecessor-version":[{"id":53477,"href":"https:\/\/radionuble.cl\/v1\/wp-json\/wp\/v2\/posts\/53474\/revisions\/53477"}],"wp:featuredmedia":[{"embeddable":true,"href":"https:\/\/radionuble.cl\/v1\/wp-json\/wp\/v2\/media\/53475"}],"wp:attachment":[{"href":"https:\/\/radionuble.cl\/v1\/wp-json\/wp\/v2\/media?parent=53474"}],"wp:term":[{"taxonomy":"category","embeddable":true,"href":"https:\/\/radionuble.cl\/v1\/wp-json\/wp\/v2\/categories?post=53474"},{"taxonomy":"post_tag","embeddable":true,"href":"https:\/\/radionuble.cl\/v1\/wp-json\/wp\/v2\/tags?post=53474"}],"curies":[{"name":"wp","href":"https:\/\/api.w.org\/{rel}","templated":true}]}}