{"id":53478,"date":"2026-04-08T15:01:48","date_gmt":"2026-04-08T15:01:48","guid":{"rendered":"https:\/\/radionuble.cl\/v1\/?p=53478"},"modified":"2026-04-08T15:01:48","modified_gmt":"2026-04-08T15:01:48","slug":"nuble-apuesta-por-autos-electricos-proyecto-define-plan-para-cambiar-el-transporte","status":"publish","type":"post","link":"https:\/\/radionuble.cl\/v1\/2026\/04\/08\/nuble-apuesta-por-autos-electricos-proyecto-define-plan-para-cambiar-el-transporte\/","title":{"rendered":"\u00d1uble apuesta por autos el\u00e9ctricos: proyecto define plan para cambiar el transporte"},"content":{"rendered":"<p>La iniciativa liderada por la Universidad Cat\u00f3lica de la Sant\u00edsima Concepci\u00f3n cerr\u00f3 con una propuesta concreta para impulsar la electromovilidad en la regi\u00f3n, identificando brechas, formando capacidades y proyectando nuevas pol\u00edticas p\u00fablicas.<\/p>\n<p>En un contexto marcado por la <strong>transici\u00f3n energ\u00e9tica<\/strong> y los desaf\u00edos globales en materia de energ\u00eda, la Regi\u00f3n de \u00d1uble ya cuenta con una hoja de ruta para avanzar hacia la electromovilidad.<\/p>\n<p>La Universidad Cat\u00f3lica de la Sant\u00edsima Concepci\u00f3n dio cierre al proyecto \u201cPlan de acci\u00f3n para la adopci\u00f3n de electromovilidad en \u00d1uble\u201d, iniciativa financiada por el Gobierno Regional que busca promover un <strong>transporte m\u00e1s limpio<\/strong> y eficiente.<\/p>\n<p>El trabajo incluy\u00f3 talleres participativos, capacitaciones t\u00e9cnicas y la elaboraci\u00f3n de herramientas pr\u00e1cticas orientadas a actores p\u00fablicos, privados y del mundo acad\u00e9mico.<\/p>\n<h2>Capacitaci\u00f3n y herramientas para la regi\u00f3n<\/h2>\n<p>Entre los principales resultados destaca el desarrollo de un kit de electromovilidad, entregado al Liceo Industrial de Chill\u00e1n, adem\u00e1s de capacitaciones en seguridad el\u00e9ctrica para veh\u00edculos el\u00e9ctricos dirigidas a personal de salud, Bomberos y Carabineros.<\/p>\n<p>El proyecto tambi\u00e9n permiti\u00f3 identificar brechas en infraestructura, formaci\u00f3n de capital humano y coordinaci\u00f3n institucional para el desarrollo de la <strong>electromovilidad en \u00d1uble<\/strong>.<\/p>\n<p>Desde el Gobierno Regional valoraron la iniciativa como un paso clave para enfrentar los desaf\u00edos energ\u00e9ticos y avanzar hacia pol\u00edticas p\u00fablicas de largo plazo.<\/p>\n<h2>Hoja de ruta para futuras decisiones<\/h2>\n<p>Autoridades de Transportes y Energ\u00eda destacaron que la regi\u00f3n debe adaptarse a los cambios tecnol\u00f3gicos y que este plan permitir\u00e1 orientar decisiones en materia de movilidad sustentable.<\/p>\n<p>La propuesta considera fortalecer la infraestructura, impulsar la capacitaci\u00f3n t\u00e9cnica y promover la adopci\u00f3n gradual de veh\u00edculos el\u00e9ctricos en distintos sectores.<\/p>\n<p>Con el cierre del proyecto, la UCSC y el Gobierno Regional proyectan implementar las medidas definidas, posicionando a \u00d1uble en el desarrollo de soluciones de movilidad sustentable.<\/p>\n","protected":false},"excerpt":{"rendered":"<p>La iniciativa liderada por la Universidad Cat\u00f3lica de la Sant\u00edsima Concepci\u00f3n cerr\u00f3 con una propuesta concreta para impulsar la electromovilidad en la regi\u00f3n, identificando brechas, formando capacidades y proyectando nuevas pol\u00edticas p\u00fablicas. En un contexto marcado por la transici\u00f3n energ\u00e9tica y los desaf\u00edos globales en materia de energ\u00eda, la Regi\u00f3n de \u00d1uble ya cuenta con &hellip;<\/p>\n","protected":false},"author":1,"featured_media":53479,"comment_status":"open","ping_status":"open","sticky":false,"template":"","format":"standard","meta":{"footnotes":""},"categories":[25],"tags":[],"class_list":["post-53478","post","type-post","status-publish","format-standard","has-post-thumbnail","hentry","category-nuble"],"_links":{"self":[{"href":"https:\/\/radionuble.cl\/v1\/wp-json\/wp\/v2\/posts\/53478","targetHints":{"allow":["GET"]}}],"collection":[{"href":"https:\/\/radionuble.cl\/v1\/wp-json\/wp\/v2\/posts"}],"about":[{"href":"https:\/\/radionuble.cl\/v1\/wp-json\/wp\/v2\/types\/post"}],"author":[{"embeddable":true,"href":"https:\/\/radionuble.cl\/v1\/wp-json\/wp\/v2\/users\/1"}],"replies":[{"embeddable":true,"href":"https:\/\/radionuble.cl\/v1\/wp-json\/wp\/v2\/comments?post=53478"}],"version-history":[{"count":1,"href":"https:\/\/radionuble.cl\/v1\/wp-json\/wp\/v2\/posts\/53478\/revisions"}],"predecessor-version":[{"id":53480,"href":"https:\/\/radionuble.cl\/v1\/wp-json\/wp\/v2\/posts\/53478\/revisions\/53480"}],"wp:featuredmedia":[{"embeddable":true,"href":"https:\/\/radionuble.cl\/v1\/wp-json\/wp\/v2\/media\/53479"}],"wp:attachment":[{"href":"https:\/\/radionuble.cl\/v1\/wp-json\/wp\/v2\/media?parent=53478"}],"wp:term":[{"taxonomy":"category","embeddable":true,"href":"https:\/\/radionuble.cl\/v1\/wp-json\/wp\/v2\/categories?post=53478"},{"taxonomy":"post_tag","embeddable":true,"href":"https:\/\/radionuble.cl\/v1\/wp-json\/wp\/v2\/tags?post=53478"}],"curies":[{"name":"wp","href":"https:\/\/api.w.org\/{rel}","templated":true}]}}