{"id":53481,"date":"2026-04-08T15:02:45","date_gmt":"2026-04-08T15:02:45","guid":{"rendered":"https:\/\/radionuble.cl\/v1\/?p=53481"},"modified":"2026-04-08T15:02:45","modified_gmt":"2026-04-08T15:02:45","slug":"crisis-en-prodemu-trabajadoras-denuncian-sueldos-impagos-y-paralizan-funciones-en-nuble","status":"publish","type":"post","link":"https:\/\/radionuble.cl\/v1\/2026\/04\/08\/crisis-en-prodemu-trabajadoras-denuncian-sueldos-impagos-y-paralizan-funciones-en-nuble\/","title":{"rendered":"Crisis en Prodemu: trabajadoras denuncian sueldos impagos y paralizan funciones en \u00d1uble"},"content":{"rendered":"<p>Funcionarias de la Fundaci\u00f3n Prodemu en \u00d1uble advirtieron que no han recibido el pago correspondiente a marzo y que la incertidumbre sobre la continuidad de los programas mantiene paralizadas sus labores en la regi\u00f3n.<\/p>\n<p>Carmen Brice\u00f1o, representante de funcionarias de \u00d1uble, se\u00f1al\u00f3 que los sindicatos 1 y 2 a nivel nacional se mantienen movilizados por el <strong>no pago de sueldos<\/strong> desde marzo.<\/p>\n<p>La dirigenta indic\u00f3 que la situaci\u00f3n ha generado una paralizaci\u00f3n de funciones debido a la falta de certezas sobre la continuidad institucional y la oferta program\u00e1tica de la fundaci\u00f3n.<\/p>\n<p>Seg\u00fan explic\u00f3, la crisis afecta directamente a m\u00e1s de <strong>450 familias<\/strong> a nivel nacional, muchas de ellas encabezadas por mujeres que dependen de estos ingresos.<\/p>\n<h2>Incertidumbre por continuidad de programas<\/h2>\n<p>Desde las organizaciones se\u00f1alaron que no existe claridad respecto del futuro de Prodemu ni de la ejecuci\u00f3n de sus programas en el actual escenario administrativo.<\/p>\n<p>La preocupaci\u00f3n tambi\u00e9n se extiende a las usuarias, especialmente en sectores rurales de \u00d1uble, donde la fundaci\u00f3n desarrolla capacitaciones, apoyo y formaci\u00f3n para mujeres.<\/p>\n<p>Las funcionarias afirmaron que la paralizaci\u00f3n responde a la falta de respuestas concretas y a la incertidumbre sobre el financiamiento y funcionamiento de la instituci\u00f3n.<\/p>\n<h2>Conflicto por traspaso de recursos<\/h2>\n<p>Los sindicatos acusan que el problema se origina en trabas administrativas que han impedido el traspaso de fondos desde el Servicio Nacional de la Mujer y la Equidad de G\u00e9nero a la fundaci\u00f3n.<\/p>\n<p>De acuerdo con los antecedentes, la aplicaci\u00f3n de una exigencia de garant\u00eda incluida en la Ley de Presupuestos habr\u00eda paralizado la transferencia de recursos, pese a existir presupuesto asignado.<\/p>\n<p>La situaci\u00f3n mantiene a los trabajadores sin remuneraciones y pone en riesgo la continuidad de programas de apoyo dirigidos a mujeres en situaci\u00f3n de vulnerabilidad.<\/p>\n<p>Las organizaciones hicieron un llamado a las autoridades para destrabar el pago de sueldos y asegurar la continuidad de Prodemu en el territorio.<\/p>\n","protected":false},"excerpt":{"rendered":"<p>Funcionarias de la Fundaci\u00f3n Prodemu en \u00d1uble advirtieron que no han recibido el pago correspondiente a marzo y que la incertidumbre sobre la continuidad de los programas mantiene paralizadas sus labores en la regi\u00f3n. Carmen Brice\u00f1o, representante de funcionarias de \u00d1uble, se\u00f1al\u00f3 que los sindicatos 1 y 2 a nivel nacional se mantienen movilizados por &hellip;<\/p>\n","protected":false},"author":1,"featured_media":53482,"comment_status":"open","ping_status":"open","sticky":false,"template":"","format":"standard","meta":{"footnotes":""},"categories":[25],"tags":[],"class_list":["post-53481","post","type-post","status-publish","format-standard","has-post-thumbnail","hentry","category-nuble"],"_links":{"self":[{"href":"https:\/\/radionuble.cl\/v1\/wp-json\/wp\/v2\/posts\/53481","targetHints":{"allow":["GET"]}}],"collection":[{"href":"https:\/\/radionuble.cl\/v1\/wp-json\/wp\/v2\/posts"}],"about":[{"href":"https:\/\/radionuble.cl\/v1\/wp-json\/wp\/v2\/types\/post"}],"author":[{"embeddable":true,"href":"https:\/\/radionuble.cl\/v1\/wp-json\/wp\/v2\/users\/1"}],"replies":[{"embeddable":true,"href":"https:\/\/radionuble.cl\/v1\/wp-json\/wp\/v2\/comments?post=53481"}],"version-history":[{"count":1,"href":"https:\/\/radionuble.cl\/v1\/wp-json\/wp\/v2\/posts\/53481\/revisions"}],"predecessor-version":[{"id":53483,"href":"https:\/\/radionuble.cl\/v1\/wp-json\/wp\/v2\/posts\/53481\/revisions\/53483"}],"wp:featuredmedia":[{"embeddable":true,"href":"https:\/\/radionuble.cl\/v1\/wp-json\/wp\/v2\/media\/53482"}],"wp:attachment":[{"href":"https:\/\/radionuble.cl\/v1\/wp-json\/wp\/v2\/media?parent=53481"}],"wp:term":[{"taxonomy":"category","embeddable":true,"href":"https:\/\/radionuble.cl\/v1\/wp-json\/wp\/v2\/categories?post=53481"},{"taxonomy":"post_tag","embeddable":true,"href":"https:\/\/radionuble.cl\/v1\/wp-json\/wp\/v2\/tags?post=53481"}],"curies":[{"name":"wp","href":"https:\/\/api.w.org\/{rel}","templated":true}]}}