{"id":53488,"date":"2026-04-08T16:23:39","date_gmt":"2026-04-08T16:23:39","guid":{"rendered":"https:\/\/radionuble.cl\/v1\/?p=53488"},"modified":"2026-04-08T16:23:39","modified_gmt":"2026-04-08T16:23:39","slug":"mas-de-2-000-postulaciones-recibio-el-programa-de-turismo-social-en-su-segunda-convocatoria","status":"publish","type":"post","link":"https:\/\/radionuble.cl\/v1\/2026\/04\/08\/mas-de-2-000-postulaciones-recibio-el-programa-de-turismo-social-en-su-segunda-convocatoria\/","title":{"rendered":"M\u00e1s de 2.000 postulaciones recibi\u00f3 el Programa de Turismo Social en su segunda convocatoria"},"content":{"rendered":"<p style=\"font-weight: 400;\">Con m\u00e1s de dos mil postulaciones finaliz\u00f3 el segundo llamado del programa \u201cFortalecimiento para el Turismo Social en \u00d1uble\u201d, iniciativa del Gobierno Regional junto a Sernatur, que impulsa viajes al interior de la regi\u00f3n enfocados a personas cuidadoras, adultos mayores de sectores rurales y dirigentes sociales, facilitando su acceso al turismo y promoviendo los m\u00faltiples beneficios f\u00edsicos, sociales y psicol\u00f3gicos asociados a la experiencia de viajar.<\/p>\n<p style=\"font-weight: 400;\">Gracias a su enfoque inclusivo y a su p\u00fablico objetivo, el programa se posiciona como una propuesta pionera a nivel nacional, acercando oportunidades de recreaci\u00f3n y bienestar a grupos que tradicionalmente han tenido menos acceso a este tipo de instancias. Actualmente, el proceso se encuentra en etapa de admisibilidad, fase en la que el equipo t\u00e9cnico revisa las postulaciones recibidas. Posteriormente, se contactar\u00e1 a las organizaciones participantes para informar el estado de sus solicitudes.<\/p>\n<p style=\"font-weight: 400;\">El Gobernador Regional, \u00d3scar Cris\u00f3stomo, destac\u00f3 que \u201cestamos muy contentos por la gran respuesta que ha tenido este segundo llamado, con m\u00e1s de dos mil postulaciones que reflejan el inter\u00e9s y la necesidad de muchas personas de nuestra regi\u00f3n por acceder a espacios de descanso, recreaci\u00f3n y bienestar. Este programa no solo permite conocer y valorar los destinos de \u00d1uble, reactivar la econom\u00eda de cada lugar, sino que tambi\u00e9n reconoce el importante rol de quienes cuidan, de nuestros adultos mayores y de dirigentes sociales, entreg\u00e1ndoles una oportunidad de desconexi\u00f3n y encuentro. Esperamos muy pronto entregar los resultados para que puedan disfrutar de esta experiencia tur\u00edstica que tanto anhelan\u201d.<\/p>\n<p style=\"font-weight: 400;\">Por su parte, el director regional de Sernatur \u00d1uble, Augusto Gonz\u00e1lez Jeldres, se\u00f1al\u00f3 que el equipo de Turismo Social contin\u00faa avanzando en el proceso de selecci\u00f3n de los grupos y la definici\u00f3n de los destinos, con miras a retomar los viajes durante la semana del 20 de abril, dando continuidad a esta importante iniciativa de acceso al turismo en la regi\u00f3n.<\/p>\n<p style=\"font-weight: 400;\">Asimismo, la autoridad relev\u00f3 el trabajo colaborativo que ha hecho posible esta iniciativa, impulsada junto al Gobierno Regional a trav\u00e9s del programa FNDR, permitiendo articular esfuerzos para acercar experiencias tur\u00edsticas a quienes muchas veces no tienen la oportunidad de acceder a ellas, promoviendo al mismo tiempo el desarrollo local y la puesta en valor de los destinos de la regi\u00f3n.<\/p>\n<p style=\"font-weight: 400;\">Como parte de esta iniciativa, la Agrupaci\u00f3n de Cuidadoras \u201cTea Acompa\u00f1o\u201d de Quill\u00f3n ya particip\u00f3 en una excursi\u00f3n al destino Valle Las Trancas. Su presidenta, Gabriela Suazo, valor\u00f3 la experiencia<\/p>\n<p style=\"font-weight: 400;\"><strong>Detalles del programa<\/strong><\/p>\n<p style=\"font-weight: 400;\">El programa contempla dos modalidades de viaje: excursiones por el d\u00eda (full day) y programas de 3 d\u00edas y 2 noches, con copagos de $10.000 y $20.000 respectivamente. Este beneficio se entrega por una \u00fanica vez a cada participante.<\/p>\n<p style=\"font-weight: 400;\">Entre los destinos considerados se encuentran el Valle del Itata, Valle Las Trancas, Cobquecura, Quill\u00f3n y San Fabi\u00e1n, destacando la diversidad de experiencias naturales y culturales que ofrece la regi\u00f3n.<\/p>\n<p style=\"font-weight: 400;\">En su primera versi\u00f3n, m\u00e1s de mil personas recorrieron distintos destinos de \u00d1uble. Los viajes correspondientes a esta segunda temporada se desarrollar\u00e1n entre el lunes 20 de abril y el jueves 14 de mayo.<\/p>\n<p style=\"font-weight: 400;\">Para consultas puedes comunicarte al WhatsApp +56 9 94302674<\/p>\n<p style=\"font-weight: 400;\">\n","protected":false},"excerpt":{"rendered":"<p>Con m\u00e1s de dos mil postulaciones finaliz\u00f3 el segundo llamado del programa \u201cFortalecimiento para el Turismo Social en \u00d1uble\u201d, iniciativa del Gobierno Regional junto a Sernatur, que impulsa viajes al interior de la regi\u00f3n enfocados a personas cuidadoras, adultos mayores de sectores rurales y dirigentes sociales, facilitando su acceso al turismo y promoviendo los m\u00faltiples &hellip;<\/p>\n","protected":false},"author":2,"featured_media":53489,"comment_status":"open","ping_status":"open","sticky":false,"template":"","format":"standard","meta":{"footnotes":""},"categories":[25],"tags":[],"class_list":["post-53488","post","type-post","status-publish","format-standard","has-post-thumbnail","hentry","category-nuble"],"_links":{"self":[{"href":"https:\/\/radionuble.cl\/v1\/wp-json\/wp\/v2\/posts\/53488","targetHints":{"allow":["GET"]}}],"collection":[{"href":"https:\/\/radionuble.cl\/v1\/wp-json\/wp\/v2\/posts"}],"about":[{"href":"https:\/\/radionuble.cl\/v1\/wp-json\/wp\/v2\/types\/post"}],"author":[{"embeddable":true,"href":"https:\/\/radionuble.cl\/v1\/wp-json\/wp\/v2\/users\/2"}],"replies":[{"embeddable":true,"href":"https:\/\/radionuble.cl\/v1\/wp-json\/wp\/v2\/comments?post=53488"}],"version-history":[{"count":1,"href":"https:\/\/radionuble.cl\/v1\/wp-json\/wp\/v2\/posts\/53488\/revisions"}],"predecessor-version":[{"id":53490,"href":"https:\/\/radionuble.cl\/v1\/wp-json\/wp\/v2\/posts\/53488\/revisions\/53490"}],"wp:featuredmedia":[{"embeddable":true,"href":"https:\/\/radionuble.cl\/v1\/wp-json\/wp\/v2\/media\/53489"}],"wp:attachment":[{"href":"https:\/\/radionuble.cl\/v1\/wp-json\/wp\/v2\/media?parent=53488"}],"wp:term":[{"taxonomy":"category","embeddable":true,"href":"https:\/\/radionuble.cl\/v1\/wp-json\/wp\/v2\/categories?post=53488"},{"taxonomy":"post_tag","embeddable":true,"href":"https:\/\/radionuble.cl\/v1\/wp-json\/wp\/v2\/tags?post=53488"}],"curies":[{"name":"wp","href":"https:\/\/api.w.org\/{rel}","templated":true}]}}