{"id":53533,"date":"2026-04-13T14:39:51","date_gmt":"2026-04-13T14:39:51","guid":{"rendered":"https:\/\/radionuble.cl\/v1\/?p=53533"},"modified":"2026-04-13T14:39:51","modified_gmt":"2026-04-13T14:39:51","slug":"suspenden-clases-en-liceo-de-nuble-por-amenazas-de-supuesta-matanza","status":"publish","type":"post","link":"https:\/\/radionuble.cl\/v1\/2026\/04\/13\/suspenden-clases-en-liceo-de-nuble-por-amenazas-de-supuesta-matanza\/","title":{"rendered":"Suspenden clases en liceo de \u00d1uble por amenazas de supuesta matanza"},"content":{"rendered":"<p>El Liceo Bicentenario Jorge Alessandri Rodr\u00edguez de San Fabi\u00e1n suspendi\u00f3 sus clases tras la circulaci\u00f3n de amenazas de una supuesta matanza dirigidas a la comunidad educativa.<\/p>\n<p>La medida fue adoptada por el Servicio Local de Educaci\u00f3n P\u00fablica Punilla Cordillera en coordinaci\u00f3n con la direcci\u00f3n del establecimiento, con el fin de resguardar la seguridad.<\/p>\n<p>La suspensi\u00f3n se aplic\u00f3 de manera preventiva para la jornada del lunes 13 de abril de 2026, mientras se desarrollan las diligencias.<\/p>\n<p>El delegado presidencial regional, Diego Sep\u00falveda, se\u00f1al\u00f3 que la situaci\u00f3n est\u00e1 siendo monitoreada junto a Carabineros, PDI, la Seremi de Seguridad y autoridades de educaci\u00f3n.<\/p>\n<p>Indic\u00f3 que existen amenazas por escrito y que se activaron los protocolos correspondientes. Adem\u00e1s, asegur\u00f3 que los hechos ser\u00e1n investigados.<\/p>\n<p>Desde la Seremi de Seguridad P\u00fablica, H\u00e9ctor Ponce, informaron que se est\u00e1n fortaleciendo los protocolos de actuaci\u00f3n con polic\u00edas y organismos de protecci\u00f3n.<\/p>\n<p>Tambi\u00e9n se coordinar\u00e1n reuniones con delegaciones provinciales y directores de establecimientos educacionales de la regi\u00f3n.<\/p>\n<p>Las autoridades llamaron a la calma mientras contin\u00faan las diligencias y el an\u00e1lisis de la situaci\u00f3n.<\/p>\n","protected":false},"excerpt":{"rendered":"<p>El Liceo Bicentenario Jorge Alessandri Rodr\u00edguez de San Fabi\u00e1n suspendi\u00f3 sus clases tras la circulaci\u00f3n de amenazas de una supuesta matanza dirigidas a la comunidad educativa. La medida fue adoptada por el Servicio Local de Educaci\u00f3n P\u00fablica Punilla Cordillera en coordinaci\u00f3n con la direcci\u00f3n del establecimiento, con el fin de resguardar la seguridad. La suspensi\u00f3n &hellip;<\/p>\n","protected":false},"author":1,"featured_media":53534,"comment_status":"open","ping_status":"open","sticky":false,"template":"","format":"standard","meta":{"footnotes":""},"categories":[25],"tags":[],"class_list":["post-53533","post","type-post","status-publish","format-standard","has-post-thumbnail","hentry","category-nuble"],"_links":{"self":[{"href":"https:\/\/radionuble.cl\/v1\/wp-json\/wp\/v2\/posts\/53533","targetHints":{"allow":["GET"]}}],"collection":[{"href":"https:\/\/radionuble.cl\/v1\/wp-json\/wp\/v2\/posts"}],"about":[{"href":"https:\/\/radionuble.cl\/v1\/wp-json\/wp\/v2\/types\/post"}],"author":[{"embeddable":true,"href":"https:\/\/radionuble.cl\/v1\/wp-json\/wp\/v2\/users\/1"}],"replies":[{"embeddable":true,"href":"https:\/\/radionuble.cl\/v1\/wp-json\/wp\/v2\/comments?post=53533"}],"version-history":[{"count":1,"href":"https:\/\/radionuble.cl\/v1\/wp-json\/wp\/v2\/posts\/53533\/revisions"}],"predecessor-version":[{"id":53535,"href":"https:\/\/radionuble.cl\/v1\/wp-json\/wp\/v2\/posts\/53533\/revisions\/53535"}],"wp:featuredmedia":[{"embeddable":true,"href":"https:\/\/radionuble.cl\/v1\/wp-json\/wp\/v2\/media\/53534"}],"wp:attachment":[{"href":"https:\/\/radionuble.cl\/v1\/wp-json\/wp\/v2\/media?parent=53533"}],"wp:term":[{"taxonomy":"category","embeddable":true,"href":"https:\/\/radionuble.cl\/v1\/wp-json\/wp\/v2\/categories?post=53533"},{"taxonomy":"post_tag","embeddable":true,"href":"https:\/\/radionuble.cl\/v1\/wp-json\/wp\/v2\/tags?post=53533"}],"curies":[{"name":"wp","href":"https:\/\/api.w.org\/{rel}","templated":true}]}}