{"id":53536,"date":"2026-04-13T17:08:16","date_gmt":"2026-04-13T17:08:16","guid":{"rendered":"https:\/\/radionuble.cl\/v1\/?p=53536"},"modified":"2026-04-13T17:08:16","modified_gmt":"2026-04-13T17:08:16","slug":"mop-anuncia-ciclovia-de-mas-de-10-km-en-ruta-n-31-entre-san-carlos-y-san-fabian","status":"publish","type":"post","link":"https:\/\/radionuble.cl\/v1\/2026\/04\/13\/mop-anuncia-ciclovia-de-mas-de-10-km-en-ruta-n-31-entre-san-carlos-y-san-fabian\/","title":{"rendered":"MOP anuncia ciclov\u00eda de m\u00e1s de 10 km en ruta N-31 entre San Carlos y San Fabi\u00e1n"},"content":{"rendered":"<p>El MOP confirm\u00f3 avances en la ruta N-31 con trabajos inmediatos de mantenci\u00f3n y la esperada ciclov\u00eda San Carlos\u2013San Fabi\u00e1n.<\/p>\n<p>El anuncio se realiz\u00f3 en terreno, en el sector de Motup\u00edn, junto a vecinos que pidieron mayor seguridad vial.<\/p>\n<p>Actualmente ya se ejecutan labores de limpieza de faja entre los kil\u00f3metros 2,263 y 17 de la ruta N-31.<\/p>\n<p>Tambi\u00e9n comenzaron trabajos de bacheo en caliente, seguidos por demarcaci\u00f3n y limpieza de fosos.<\/p>\n<p>Las obras buscan reducir riesgos en una v\u00eda con alto flujo y uso frecuente de bicicletas.<\/p>\n<p>El proyecto principal es la ciclov\u00eda San Carlos\u2013San Fabi\u00e1n por ambos costados del camino.<\/p>\n<p>La iniciativa contempla m\u00e1s de 10 kil\u00f3metros a lo largo de la ruta N-31.<\/p>\n<p>Incluye tramos de aproximadamente 8,2 km por un lado y 10,3 km por el otro.<\/p>\n<p>Tambi\u00e9n considera pasarelas y obras complementarias en sectores como el puente Coche P\u00e9rez.<\/p>\n<p>La inversi\u00f3n del proyecto supera los $7.200 millones.<\/p>\n<p>El plazo estimado de ejecuci\u00f3n es de 18 meses.<\/p>\n<p>Desde el MOP indicaron que el proceso de expropiaciones alcanza cerca del 90%.<\/p>\n<p>Ese avance permitir\u00e1 solicitar recursos y avanzar hacia la licitaci\u00f3n de la ciclov\u00eda.<\/p>\n<p>Vecinos del sector valoraron los anuncios y la ejecuci\u00f3n de trabajos inmediatos.<\/p>\n<p>Se\u00f1alaron que la seguridad vial ha sido una preocupaci\u00f3n por la alta velocidad.<\/p>\n<p>Las autoridades anunciaron adem\u00e1s una nueva visita inspectiva durante esta semana.<\/p>\n<p>El objetivo es reforzar la seguridad y continuar con mejoras en la ruta N-31.<\/p>\n","protected":false},"excerpt":{"rendered":"<p>El MOP confirm\u00f3 avances en la ruta N-31 con trabajos inmediatos de mantenci\u00f3n y la esperada ciclov\u00eda San Carlos\u2013San Fabi\u00e1n. El anuncio se realiz\u00f3 en terreno, en el sector de Motup\u00edn, junto a vecinos que pidieron mayor seguridad vial. Actualmente ya se ejecutan labores de limpieza de faja entre los kil\u00f3metros 2,263 y 17 de &hellip;<\/p>\n","protected":false},"author":1,"featured_media":53537,"comment_status":"open","ping_status":"open","sticky":false,"template":"","format":"standard","meta":{"footnotes":""},"categories":[25],"tags":[],"class_list":["post-53536","post","type-post","status-publish","format-standard","has-post-thumbnail","hentry","category-nuble"],"_links":{"self":[{"href":"https:\/\/radionuble.cl\/v1\/wp-json\/wp\/v2\/posts\/53536","targetHints":{"allow":["GET"]}}],"collection":[{"href":"https:\/\/radionuble.cl\/v1\/wp-json\/wp\/v2\/posts"}],"about":[{"href":"https:\/\/radionuble.cl\/v1\/wp-json\/wp\/v2\/types\/post"}],"author":[{"embeddable":true,"href":"https:\/\/radionuble.cl\/v1\/wp-json\/wp\/v2\/users\/1"}],"replies":[{"embeddable":true,"href":"https:\/\/radionuble.cl\/v1\/wp-json\/wp\/v2\/comments?post=53536"}],"version-history":[{"count":1,"href":"https:\/\/radionuble.cl\/v1\/wp-json\/wp\/v2\/posts\/53536\/revisions"}],"predecessor-version":[{"id":53538,"href":"https:\/\/radionuble.cl\/v1\/wp-json\/wp\/v2\/posts\/53536\/revisions\/53538"}],"wp:featuredmedia":[{"embeddable":true,"href":"https:\/\/radionuble.cl\/v1\/wp-json\/wp\/v2\/media\/53537"}],"wp:attachment":[{"href":"https:\/\/radionuble.cl\/v1\/wp-json\/wp\/v2\/media?parent=53536"}],"wp:term":[{"taxonomy":"category","embeddable":true,"href":"https:\/\/radionuble.cl\/v1\/wp-json\/wp\/v2\/categories?post=53536"},{"taxonomy":"post_tag","embeddable":true,"href":"https:\/\/radionuble.cl\/v1\/wp-json\/wp\/v2\/tags?post=53536"}],"curies":[{"name":"wp","href":"https:\/\/api.w.org\/{rel}","templated":true}]}}