{"id":53542,"date":"2026-04-13T17:37:55","date_gmt":"2026-04-13T17:37:55","guid":{"rendered":"https:\/\/radionuble.cl\/v1\/?p=53542"},"modified":"2026-04-13T17:37:55","modified_gmt":"2026-04-13T17:37:55","slug":"nueva-amenaza-obliga-a-retiro-anticipado-de-clases-en-escuela-de-coihueco","status":"publish","type":"post","link":"https:\/\/radionuble.cl\/v1\/2026\/04\/13\/nueva-amenaza-obliga-a-retiro-anticipado-de-clases-en-escuela-de-coihueco\/","title":{"rendered":"Nueva amenaza obliga a retiro anticipado de clases en escuela de Coihueco"},"content":{"rendered":"<p>Un retiro anticipado de clases se realiz\u00f3 en la Escuela Guillermina Drake Wood de Coihueco tras una nueva amenaza. La medida fue informada por el Servicio Local de Educaci\u00f3n P\u00fablica Punilla Cordillera.<\/p>\n<p>Seg\u00fan el comunicado oficial, la decisi\u00f3n se adopt\u00f3 para resguardar la seguridad de estudiantes y funcionarios. La salida se program\u00f3 despu\u00e9s de la entrega de alimentaci\u00f3n, a las 14:00 horas.<\/p>\n<p>El establecimiento fue evacuado de forma preventiva mientras Carabineros revisa las dependencias. El objetivo es verificar el recinto y descartar riesgos.<\/p>\n<p>Desde el Servicio Local indicaron que se activaron los protocolos de seguridad correspondientes. Tambi\u00e9n se iniciaron acciones para determinar eventuales responsabilidades.<\/p>\n<p>Adem\u00e1s, se inform\u00f3 que se presentaron acciones legales ante el Ministerio P\u00fablico. La medida busca identificar el origen de las amenazas.<\/p>\n<p>El hecho ocurre en el contexto de otra amenaza registrada durante la jornada en San Fabi\u00e1n. Ambas situaciones se encuentran en revisi\u00f3n.<\/p>\n<p>La suspensi\u00f3n preventiva afect\u00f3 la jornada de la Escuela Guillermina Drake Wood mientras se desarrollan las diligencias. Autoridades mantienen activados los protocolos de seguridad.<\/p>\n","protected":false},"excerpt":{"rendered":"<p>Un retiro anticipado de clases se realiz\u00f3 en la Escuela Guillermina Drake Wood de Coihueco tras una nueva amenaza. La medida fue informada por el Servicio Local de Educaci\u00f3n P\u00fablica Punilla Cordillera. Seg\u00fan el comunicado oficial, la decisi\u00f3n se adopt\u00f3 para resguardar la seguridad de estudiantes y funcionarios. La salida se program\u00f3 despu\u00e9s de la &hellip;<\/p>\n","protected":false},"author":1,"featured_media":53543,"comment_status":"open","ping_status":"open","sticky":false,"template":"","format":"standard","meta":{"footnotes":""},"categories":[25],"tags":[],"class_list":["post-53542","post","type-post","status-publish","format-standard","has-post-thumbnail","hentry","category-nuble"],"_links":{"self":[{"href":"https:\/\/radionuble.cl\/v1\/wp-json\/wp\/v2\/posts\/53542","targetHints":{"allow":["GET"]}}],"collection":[{"href":"https:\/\/radionuble.cl\/v1\/wp-json\/wp\/v2\/posts"}],"about":[{"href":"https:\/\/radionuble.cl\/v1\/wp-json\/wp\/v2\/types\/post"}],"author":[{"embeddable":true,"href":"https:\/\/radionuble.cl\/v1\/wp-json\/wp\/v2\/users\/1"}],"replies":[{"embeddable":true,"href":"https:\/\/radionuble.cl\/v1\/wp-json\/wp\/v2\/comments?post=53542"}],"version-history":[{"count":1,"href":"https:\/\/radionuble.cl\/v1\/wp-json\/wp\/v2\/posts\/53542\/revisions"}],"predecessor-version":[{"id":53544,"href":"https:\/\/radionuble.cl\/v1\/wp-json\/wp\/v2\/posts\/53542\/revisions\/53544"}],"wp:featuredmedia":[{"embeddable":true,"href":"https:\/\/radionuble.cl\/v1\/wp-json\/wp\/v2\/media\/53543"}],"wp:attachment":[{"href":"https:\/\/radionuble.cl\/v1\/wp-json\/wp\/v2\/media?parent=53542"}],"wp:term":[{"taxonomy":"category","embeddable":true,"href":"https:\/\/radionuble.cl\/v1\/wp-json\/wp\/v2\/categories?post=53542"},{"taxonomy":"post_tag","embeddable":true,"href":"https:\/\/radionuble.cl\/v1\/wp-json\/wp\/v2\/tags?post=53542"}],"curies":[{"name":"wp","href":"https:\/\/api.w.org\/{rel}","templated":true}]}}