{"id":53545,"date":"2026-04-13T19:15:44","date_gmt":"2026-04-13T19:15:44","guid":{"rendered":"https:\/\/radionuble.cl\/v1\/?p=53545"},"modified":"2026-04-13T19:15:44","modified_gmt":"2026-04-13T19:15:44","slug":"alerta-en-nuble-amenazas-obligan-suspension-de-clases-y-retiro-anticipado-en-colegios","status":"publish","type":"post","link":"https:\/\/radionuble.cl\/v1\/2026\/04\/13\/alerta-en-nuble-amenazas-obligan-suspension-de-clases-y-retiro-anticipado-en-colegios\/","title":{"rendered":"Alerta en \u00d1uble: amenazas obligan suspensi\u00f3n de clases y retiro anticipado en colegios"},"content":{"rendered":"<p>Dos amenazas a comunidades educativas encendieron las alertas en colegios de \u00d1uble. Las situaciones ocurrieron en San Fabi\u00e1n y Coihueco durante la misma jornada.<\/p>\n<p>El Liceo Bicentenario Jorge Alessandri Rodr\u00edguez de San Fabi\u00e1n suspendi\u00f3 sus clases. La medida se adopt\u00f3 tras la circulaci\u00f3n de amenazas de una supuesta matanza.<\/p>\n<p>La decisi\u00f3n fue tomada por el Servicio Local Punilla Cordillera junto a la direcci\u00f3n del establecimiento. La suspensi\u00f3n se aplic\u00f3 de forma preventiva para resguardar la seguridad.<\/p>\n<p>Las autoridades confirmaron que existen amenazas por escrito dirigidas a la comunidad educativa. El caso est\u00e1 siendo investigado mientras se desarrollan diligencias.<\/p>\n<p>El delegado presidencial regional, Diego Sep\u00falveda, indic\u00f3 que la situaci\u00f3n es monitoreada con Carabineros y PDI. Tambi\u00e9n participan autoridades de seguridad y educaci\u00f3n.<\/p>\n<p>Desde la Seremi de Seguridad P\u00fablica informaron que se reforzaron los protocolos. Adem\u00e1s, se coordinar\u00e1n reuniones con directores de establecimientos de la regi\u00f3n.<\/p>\n<p>Durante la misma jornada, otra amenaza afect\u00f3 a la Escuela Guillermina Drake Wood de Coihueco. El establecimiento realiz\u00f3 retiro anticipado de estudiantes.<\/p>\n<p>La salida se efectu\u00f3 despu\u00e9s de la entrega de alimentaci\u00f3n a las 14:00 horas. La medida fue preventiva para resguardar a estudiantes y funcionarios.<\/p>\n<p>El recinto fue evacuado mientras Carabineros revis\u00f3 las dependencias. El objetivo fue verificar el establecimiento y descartar riesgos.<\/p>\n<p>Desde el Servicio Local informaron que se activaron los protocolos de seguridad. Tambi\u00e9n se iniciaron acciones para determinar responsabilidades.<\/p>\n<p>Adem\u00e1s, se presentaron acciones legales ante el Ministerio P\u00fablico. Las diligencias buscan identificar el origen de las amenazas.<\/p>\n<p>Ambos casos ocurrieron en el mismo d\u00eda en colegios de \u00d1uble. Las autoridades llamaron a la calma mientras contin\u00faan las investigaciones.<\/p>\n","protected":false},"excerpt":{"rendered":"<p>Dos amenazas a comunidades educativas encendieron las alertas en colegios de \u00d1uble. Las situaciones ocurrieron en San Fabi\u00e1n y Coihueco durante la misma jornada. El Liceo Bicentenario Jorge Alessandri Rodr\u00edguez de San Fabi\u00e1n suspendi\u00f3 sus clases. La medida se adopt\u00f3 tras la circulaci\u00f3n de amenazas de una supuesta matanza. La decisi\u00f3n fue tomada por el &hellip;<\/p>\n","protected":false},"author":1,"featured_media":49182,"comment_status":"open","ping_status":"open","sticky":false,"template":"","format":"standard","meta":{"footnotes":""},"categories":[25],"tags":[],"class_list":["post-53545","post","type-post","status-publish","format-standard","has-post-thumbnail","hentry","category-nuble"],"_links":{"self":[{"href":"https:\/\/radionuble.cl\/v1\/wp-json\/wp\/v2\/posts\/53545","targetHints":{"allow":["GET"]}}],"collection":[{"href":"https:\/\/radionuble.cl\/v1\/wp-json\/wp\/v2\/posts"}],"about":[{"href":"https:\/\/radionuble.cl\/v1\/wp-json\/wp\/v2\/types\/post"}],"author":[{"embeddable":true,"href":"https:\/\/radionuble.cl\/v1\/wp-json\/wp\/v2\/users\/1"}],"replies":[{"embeddable":true,"href":"https:\/\/radionuble.cl\/v1\/wp-json\/wp\/v2\/comments?post=53545"}],"version-history":[{"count":1,"href":"https:\/\/radionuble.cl\/v1\/wp-json\/wp\/v2\/posts\/53545\/revisions"}],"predecessor-version":[{"id":53546,"href":"https:\/\/radionuble.cl\/v1\/wp-json\/wp\/v2\/posts\/53545\/revisions\/53546"}],"wp:featuredmedia":[{"embeddable":true,"href":"https:\/\/radionuble.cl\/v1\/wp-json\/wp\/v2\/media\/49182"}],"wp:attachment":[{"href":"https:\/\/radionuble.cl\/v1\/wp-json\/wp\/v2\/media?parent=53545"}],"wp:term":[{"taxonomy":"category","embeddable":true,"href":"https:\/\/radionuble.cl\/v1\/wp-json\/wp\/v2\/categories?post=53545"},{"taxonomy":"post_tag","embeddable":true,"href":"https:\/\/radionuble.cl\/v1\/wp-json\/wp\/v2\/tags?post=53545"}],"curies":[{"name":"wp","href":"https:\/\/api.w.org\/{rel}","templated":true}]}}