{"id":53550,"date":"2026-04-13T23:28:54","date_gmt":"2026-04-13T23:28:54","guid":{"rendered":"https:\/\/radionuble.cl\/v1\/?p=53550"},"modified":"2026-04-13T23:28:54","modified_gmt":"2026-04-13T23:28:54","slug":"identifican-a-estudiante-por-amenazas-que-suspendieron-clases-en-nuble","status":"publish","type":"post","link":"https:\/\/radionuble.cl\/v1\/2026\/04\/13\/identifican-a-estudiante-por-amenazas-que-suspendieron-clases-en-nuble\/","title":{"rendered":"Identifican a estudiante por amenazas que suspendieron clases en \u00d1uble"},"content":{"rendered":"<p>Detectives de la PDI identificaron al presunto autor de las amenazas que afectaron al Liceo Bicentenario Jorge Alessandri Rodr\u00edguez de San Fabi\u00e1n. El caso gener\u00f3 preocupaci\u00f3n en la comunidad educativa.<\/p>\n<p>La investigaci\u00f3n fue realizada por la Bicrim de San Carlos tras la circulaci\u00f3n de amenazas escritas. Las diligencias permitieron establecer la identidad del responsable.<\/p>\n<p>Seg\u00fan los antecedentes, se trata de un escolar considerado inimputable ante la ley. Por esta condici\u00f3n, no puede enfrentar un proceso penal.<\/p>\n<p>Debido a ello, los antecedentes fueron remitidos al Tribunal de Familia correspondiente. El organismo deber\u00e1 determinar las medidas a seguir.<\/p>\n<p>Las amenazas hab\u00edan provocado la suspensi\u00f3n de clases de forma preventiva. La decisi\u00f3n se adopt\u00f3 para resguardar la seguridad de la comunidad escolar.<\/p>\n<p>La investigaci\u00f3n permiti\u00f3 aclarar el origen de las amenazas en San Fabi\u00e1n. El caso ahora continuar\u00e1 bajo la revisi\u00f3n del Tribunal de Familia.<\/p>\n","protected":false},"excerpt":{"rendered":"<p>Detectives de la PDI identificaron al presunto autor de las amenazas que afectaron al Liceo Bicentenario Jorge Alessandri Rodr\u00edguez de San Fabi\u00e1n. El caso gener\u00f3 preocupaci\u00f3n en la comunidad educativa. La investigaci\u00f3n fue realizada por la Bicrim de San Carlos tras la circulaci\u00f3n de amenazas escritas. Las diligencias permitieron establecer la identidad del responsable. Seg\u00fan &hellip;<\/p>\n","protected":false},"author":1,"featured_media":53534,"comment_status":"open","ping_status":"open","sticky":false,"template":"","format":"standard","meta":{"footnotes":""},"categories":[25],"tags":[],"class_list":["post-53550","post","type-post","status-publish","format-standard","has-post-thumbnail","hentry","category-nuble"],"_links":{"self":[{"href":"https:\/\/radionuble.cl\/v1\/wp-json\/wp\/v2\/posts\/53550","targetHints":{"allow":["GET"]}}],"collection":[{"href":"https:\/\/radionuble.cl\/v1\/wp-json\/wp\/v2\/posts"}],"about":[{"href":"https:\/\/radionuble.cl\/v1\/wp-json\/wp\/v2\/types\/post"}],"author":[{"embeddable":true,"href":"https:\/\/radionuble.cl\/v1\/wp-json\/wp\/v2\/users\/1"}],"replies":[{"embeddable":true,"href":"https:\/\/radionuble.cl\/v1\/wp-json\/wp\/v2\/comments?post=53550"}],"version-history":[{"count":1,"href":"https:\/\/radionuble.cl\/v1\/wp-json\/wp\/v2\/posts\/53550\/revisions"}],"predecessor-version":[{"id":53551,"href":"https:\/\/radionuble.cl\/v1\/wp-json\/wp\/v2\/posts\/53550\/revisions\/53551"}],"wp:featuredmedia":[{"embeddable":true,"href":"https:\/\/radionuble.cl\/v1\/wp-json\/wp\/v2\/media\/53534"}],"wp:attachment":[{"href":"https:\/\/radionuble.cl\/v1\/wp-json\/wp\/v2\/media?parent=53550"}],"wp:term":[{"taxonomy":"category","embeddable":true,"href":"https:\/\/radionuble.cl\/v1\/wp-json\/wp\/v2\/categories?post=53550"},{"taxonomy":"post_tag","embeddable":true,"href":"https:\/\/radionuble.cl\/v1\/wp-json\/wp\/v2\/tags?post=53550"}],"curies":[{"name":"wp","href":"https:\/\/api.w.org\/{rel}","templated":true}]}}