{"id":53556,"date":"2026-04-14T13:27:50","date_gmt":"2026-04-14T13:27:50","guid":{"rendered":"https:\/\/radionuble.cl\/v1\/?p=53556"},"modified":"2026-04-14T13:27:50","modified_gmt":"2026-04-14T13:27:50","slug":"habilitan-punto-de-vacunacion-contra-influenza-y-covid-19-en-san-carlos","status":"publish","type":"post","link":"https:\/\/radionuble.cl\/v1\/2026\/04\/14\/habilitan-punto-de-vacunacion-contra-influenza-y-covid-19-en-san-carlos\/","title":{"rendered":"Habilitan punto de vacunaci\u00f3n contra influenza y Covid-19 en San Carlos"},"content":{"rendered":"<p>La Delegaci\u00f3n Presidencial Provincial de Punilla habilit\u00f3 un nuevo punto de vacunaci\u00f3n contra influenza, Covid-19 y neumococo, en coordinaci\u00f3n con la Seremi de Salud y el Servicio de Salud \u00d1uble, con el objetivo de facilitar el acceso a la inmunizaci\u00f3n en la provincia.<\/p>\n<p>El espacio funciona en dependencias de la delegaci\u00f3n y busca acercar la vacunaci\u00f3n a la comunidad, especialmente a los grupos de riesgo, ofreciendo una alternativa c\u00e9ntrica y gratuita para quienes realizan tr\u00e1mites en el sector.<\/p>\n<p>La iniciativa se suma a los puntos ya existentes en la provincia, con la finalidad de aumentar la cobertura y reforzar la campa\u00f1a de vacunaci\u00f3n 2026, especialmente ante la circulaci\u00f3n de virus respiratorios durante la temporada.<\/p>\n<p>Vacunaci\u00f3n en Punilla apunta a aumentar cobertura en grupos de riesgo<\/p>\n<p>El delegado presidencial provincial, Crist\u00f3bal Jardua, explic\u00f3 que el despliegue est\u00e1 enfocado en incentivar la vacunaci\u00f3n de adultos mayores, personas con enfermedades cr\u00f3nicas y poblaci\u00f3n prioritaria, ampliando los lugares disponibles para inocularse.<\/p>\n<p>El nuevo punto estar\u00e1 operativo inicialmente los martes y jueves de abril, entre las 10:00 y 13:00 horas, con la intenci\u00f3n de extender la cobertura durante los pr\u00f3ximos meses, seg\u00fan la demanda de la comunidad.<\/p>\n<p>La autoridad adem\u00e1s llam\u00f3 a quienes realicen tr\u00e1mites en el centro a aprovechar la instancia para vacunarse, evitando traslados adicionales hacia consultorios u otros recintos de salud.<\/p>\n<p>Con esta medida, las autoridades sanitarias buscan reforzar la protecci\u00f3n de la poblaci\u00f3n de Punilla, aumentar la cobertura de inmunizaci\u00f3n y prevenir complicaciones asociadas a enfermedades respiratorias en la temporada oto\u00f1o-invierno.<\/p>\n","protected":false},"excerpt":{"rendered":"<p>La Delegaci\u00f3n Presidencial Provincial de Punilla habilit\u00f3 un nuevo punto de vacunaci\u00f3n contra influenza, Covid-19 y neumococo, en coordinaci\u00f3n con la Seremi de Salud y el Servicio de Salud \u00d1uble, con el objetivo de facilitar el acceso a la inmunizaci\u00f3n en la provincia. El espacio funciona en dependencias de la delegaci\u00f3n y busca acercar la &hellip;<\/p>\n","protected":false},"author":1,"featured_media":53557,"comment_status":"open","ping_status":"open","sticky":false,"template":"","format":"standard","meta":{"footnotes":""},"categories":[25],"tags":[],"class_list":["post-53556","post","type-post","status-publish","format-standard","has-post-thumbnail","hentry","category-nuble"],"_links":{"self":[{"href":"https:\/\/radionuble.cl\/v1\/wp-json\/wp\/v2\/posts\/53556","targetHints":{"allow":["GET"]}}],"collection":[{"href":"https:\/\/radionuble.cl\/v1\/wp-json\/wp\/v2\/posts"}],"about":[{"href":"https:\/\/radionuble.cl\/v1\/wp-json\/wp\/v2\/types\/post"}],"author":[{"embeddable":true,"href":"https:\/\/radionuble.cl\/v1\/wp-json\/wp\/v2\/users\/1"}],"replies":[{"embeddable":true,"href":"https:\/\/radionuble.cl\/v1\/wp-json\/wp\/v2\/comments?post=53556"}],"version-history":[{"count":1,"href":"https:\/\/radionuble.cl\/v1\/wp-json\/wp\/v2\/posts\/53556\/revisions"}],"predecessor-version":[{"id":53558,"href":"https:\/\/radionuble.cl\/v1\/wp-json\/wp\/v2\/posts\/53556\/revisions\/53558"}],"wp:featuredmedia":[{"embeddable":true,"href":"https:\/\/radionuble.cl\/v1\/wp-json\/wp\/v2\/media\/53557"}],"wp:attachment":[{"href":"https:\/\/radionuble.cl\/v1\/wp-json\/wp\/v2\/media?parent=53556"}],"wp:term":[{"taxonomy":"category","embeddable":true,"href":"https:\/\/radionuble.cl\/v1\/wp-json\/wp\/v2\/categories?post=53556"},{"taxonomy":"post_tag","embeddable":true,"href":"https:\/\/radionuble.cl\/v1\/wp-json\/wp\/v2\/tags?post=53556"}],"curies":[{"name":"wp","href":"https:\/\/api.w.org\/{rel}","templated":true}]}}