{"id":53559,"date":"2026-04-14T13:42:55","date_gmt":"2026-04-14T13:42:55","guid":{"rendered":"https:\/\/radionuble.cl\/v1\/?p=53559"},"modified":"2026-04-14T13:42:55","modified_gmt":"2026-04-14T13:42:55","slug":"gobierno-coordina-acciones-en-nuble-ante-amenazas-de-tiroteos-en-colegios-de-la-region","status":"publish","type":"post","link":"https:\/\/radionuble.cl\/v1\/2026\/04\/14\/gobierno-coordina-acciones-en-nuble-ante-amenazas-de-tiroteos-en-colegios-de-la-region\/","title":{"rendered":"Gobierno coordina acciones en \u00d1uble ante amenazas de tiroteos en colegios de la regi\u00f3n"},"content":{"rendered":"<p>El Gobierno en \u00d1uble encabez\u00f3 una reuni\u00f3n de coordinaci\u00f3n con alcaldes, servicios locales de educaci\u00f3n y polic\u00edas tras la aparici\u00f3n de amenazas de tiroteos en diversos establecimientos educacionales de Chill\u00e1n y otras comunas, situaci\u00f3n que ha generado preocupaci\u00f3n en las comunidades escolares.<\/p>\n<p>El delegado presidencial regional, Diego Sep\u00falveda, indic\u00f3 que los mensajes detectados corresponden a hechos puntuales, aunque reconoci\u00f3 un aumento de este tipo de situaciones en distintas provincias. La autoridad explic\u00f3 que el objetivo es coordinar protocolos y acciones preventivas sin generar alarma.<\/p>\n<p>Seg\u00fan detall\u00f3, el trabajo conjunto busca reforzar que las salas de clases sean espacios seguros, con medidas coordinadas entre instituciones p\u00fablicas y establecimientos particulares, adem\u00e1s de fortalecer la respuesta ante amenazas realizadas mediante rayados o redes sociales.<\/p>\n<p>Carabineros y PDI investigan amenazas y refuerzan presencia en colegios de \u00d1uble<\/p>\n<p>La general jefe de Zona de Carabineros de \u00d1uble, Loreto Osses, se\u00f1al\u00f3 que durante la \u00faltima semana se han recibido denuncias por amenazas simples asociadas a eventuales ataques, aunque precis\u00f3 que ninguna se ha materializado hasta ahora.<\/p>\n<p>Desde la PDI, el jefe de la Prefectura \u00d1uble, subprefecto Nelson Contreras, explic\u00f3 que varias de estas situaciones han surgido como bromas, pero advirti\u00f3 que igualmente se investigan y pueden generar consecuencias. Incluso, indic\u00f3 que en San Fabi\u00e1n se identific\u00f3 a una menor de 13 a\u00f1os vinculada a un rayado, cuyos antecedentes fueron derivados al Juzgado de Familia.<\/p>\n<p>Las polic\u00edas informaron adem\u00e1s el refuerzo de servicios preventivos en las inmediaciones de los establecimientos, junto con el llamado a apoderados y estudiantes a denunciar cualquier antecedente y no normalizar este tipo de conductas.<\/p>\n<p>El seremi de Educaci\u00f3n de \u00d1uble, Felipe Vogel, afirm\u00f3 que los casos son aislados, pero se est\u00e1 trabajando en acciones a corto y largo plazo, incluyendo fortalecimiento de la convivencia escolar, apoyo socioemocional y aplicaci\u00f3n de herramientas contempladas en la normativa vigente, como Aula Segura.<\/p>\n<p>Las autoridades reiteraron que toda amenaza ser\u00e1 investigada y que la prioridad es garantizar la seguridad y la continuidad del proceso educativo en los establecimientos de la regi\u00f3n.<\/p>\n","protected":false},"excerpt":{"rendered":"<p>El Gobierno en \u00d1uble encabez\u00f3 una reuni\u00f3n de coordinaci\u00f3n con alcaldes, servicios locales de educaci\u00f3n y polic\u00edas tras la aparici\u00f3n de amenazas de tiroteos en diversos establecimientos educacionales de Chill\u00e1n y otras comunas, situaci\u00f3n que ha generado preocupaci\u00f3n en las comunidades escolares. El delegado presidencial regional, Diego Sep\u00falveda, indic\u00f3 que los mensajes detectados corresponden a &hellip;<\/p>\n","protected":false},"author":1,"featured_media":53560,"comment_status":"open","ping_status":"open","sticky":false,"template":"","format":"standard","meta":{"footnotes":""},"categories":[25],"tags":[],"class_list":["post-53559","post","type-post","status-publish","format-standard","has-post-thumbnail","hentry","category-nuble"],"_links":{"self":[{"href":"https:\/\/radionuble.cl\/v1\/wp-json\/wp\/v2\/posts\/53559","targetHints":{"allow":["GET"]}}],"collection":[{"href":"https:\/\/radionuble.cl\/v1\/wp-json\/wp\/v2\/posts"}],"about":[{"href":"https:\/\/radionuble.cl\/v1\/wp-json\/wp\/v2\/types\/post"}],"author":[{"embeddable":true,"href":"https:\/\/radionuble.cl\/v1\/wp-json\/wp\/v2\/users\/1"}],"replies":[{"embeddable":true,"href":"https:\/\/radionuble.cl\/v1\/wp-json\/wp\/v2\/comments?post=53559"}],"version-history":[{"count":1,"href":"https:\/\/radionuble.cl\/v1\/wp-json\/wp\/v2\/posts\/53559\/revisions"}],"predecessor-version":[{"id":53561,"href":"https:\/\/radionuble.cl\/v1\/wp-json\/wp\/v2\/posts\/53559\/revisions\/53561"}],"wp:featuredmedia":[{"embeddable":true,"href":"https:\/\/radionuble.cl\/v1\/wp-json\/wp\/v2\/media\/53560"}],"wp:attachment":[{"href":"https:\/\/radionuble.cl\/v1\/wp-json\/wp\/v2\/media?parent=53559"}],"wp:term":[{"taxonomy":"category","embeddable":true,"href":"https:\/\/radionuble.cl\/v1\/wp-json\/wp\/v2\/categories?post=53559"},{"taxonomy":"post_tag","embeddable":true,"href":"https:\/\/radionuble.cl\/v1\/wp-json\/wp\/v2\/tags?post=53559"}],"curies":[{"name":"wp","href":"https:\/\/api.w.org\/{rel}","templated":true}]}}