{"id":53562,"date":"2026-04-14T14:12:07","date_gmt":"2026-04-14T14:12:07","guid":{"rendered":"https:\/\/radionuble.cl\/v1\/?p=53562"},"modified":"2026-04-14T14:12:07","modified_gmt":"2026-04-14T14:12:07","slug":"confirman-cuatro-casos-de-gripe-aviar-en-nuble-y-activan-vigilancia-sanitaria-en-tres-comunas","status":"publish","type":"post","link":"https:\/\/radionuble.cl\/v1\/2026\/04\/14\/confirman-cuatro-casos-de-gripe-aviar-en-nuble-y-activan-vigilancia-sanitaria-en-tres-comunas\/","title":{"rendered":"Confirman cuatro casos de gripe aviar en \u00d1uble y activan vigilancia sanitaria en tres comunas"},"content":{"rendered":"<p>El Servicio Agr\u00edcola y Ganadero (SAG) confirm\u00f3 cuatro casos de gripe aviar en la regi\u00f3n de \u00d1uble, detectados en aves de traspatio en las comunas de San Carlos, Bulnes\/Quill\u00f3n y Pinto, lo que activ\u00f3 protocolos sanitarios y monitoreo epidemiol\u00f3gico.<\/p>\n<p>Seg\u00fan la informaci\u00f3n oficial, dos de los eventos se registraron en San Carlos, mientras que los restantes corresponden a un caso en el sector Bulnes\u2013Quill\u00f3n y otro en Pinto, todos asociados a aves dom\u00e9sticas mantenidas en patios particulares.<\/p>\n<p>Tras la notificaci\u00f3n del SAG, equipos de la Seremi de Salud de \u00d1uble desplegaron profesionales de la Unidad de Epidemiolog\u00eda y Zoonosis, quienes realizaron investigaci\u00f3n en terreno para identificar personas expuestas y caracterizar cada uno de los eventos.<\/p>\n<p>Autoridades activan protocolos por gripe aviar en San Carlos, Bulnes, Quill\u00f3n y Pinto<\/p>\n<p>El trabajo sanitario incluy\u00f3 levantamiento de informaci\u00f3n, evaluaci\u00f3n de riesgos y aplicaci\u00f3n de medidas preventivas para resguardar la salud p\u00fablica, adem\u00e1s de coordinaci\u00f3n con organismos sectoriales ante la detecci\u00f3n de nuevos focos.<\/p>\n<p>Desde la Autoridad Sanitaria reiteraron el llamado a la vigilancia activa, solicitando a la comunidad informar cualquier hallazgo de aves enfermas o muertas y evitar la manipulaci\u00f3n directa sin medidas de protecci\u00f3n.<\/p>\n<p>Las autoridades tambi\u00e9n enfatizaron que estos casos corresponden a aves de traspatio, por lo que el monitoreo se mantiene focalizado en los sectores detectados, con seguimiento de contactos y recomendaciones preventivas a las familias.<\/p>\n<p>El SAG y la Seremi de Salud se\u00f1alaron que la detecci\u00f3n temprana permite contener los eventos y reforzar las medidas sanitarias, mientras contin\u00faa la vigilancia en la regi\u00f3n ante la circulaci\u00f3n del virus en aves silvestres y dom\u00e9sticas.<\/p>\n","protected":false},"excerpt":{"rendered":"<p>El Servicio Agr\u00edcola y Ganadero (SAG) confirm\u00f3 cuatro casos de gripe aviar en la regi\u00f3n de \u00d1uble, detectados en aves de traspatio en las comunas de San Carlos, Bulnes\/Quill\u00f3n y Pinto, lo que activ\u00f3 protocolos sanitarios y monitoreo epidemiol\u00f3gico. Seg\u00fan la informaci\u00f3n oficial, dos de los eventos se registraron en San Carlos, mientras que los &hellip;<\/p>\n","protected":false},"author":1,"featured_media":53563,"comment_status":"open","ping_status":"open","sticky":false,"template":"","format":"standard","meta":{"footnotes":""},"categories":[25],"tags":[],"class_list":["post-53562","post","type-post","status-publish","format-standard","has-post-thumbnail","hentry","category-nuble"],"_links":{"self":[{"href":"https:\/\/radionuble.cl\/v1\/wp-json\/wp\/v2\/posts\/53562","targetHints":{"allow":["GET"]}}],"collection":[{"href":"https:\/\/radionuble.cl\/v1\/wp-json\/wp\/v2\/posts"}],"about":[{"href":"https:\/\/radionuble.cl\/v1\/wp-json\/wp\/v2\/types\/post"}],"author":[{"embeddable":true,"href":"https:\/\/radionuble.cl\/v1\/wp-json\/wp\/v2\/users\/1"}],"replies":[{"embeddable":true,"href":"https:\/\/radionuble.cl\/v1\/wp-json\/wp\/v2\/comments?post=53562"}],"version-history":[{"count":1,"href":"https:\/\/radionuble.cl\/v1\/wp-json\/wp\/v2\/posts\/53562\/revisions"}],"predecessor-version":[{"id":53564,"href":"https:\/\/radionuble.cl\/v1\/wp-json\/wp\/v2\/posts\/53562\/revisions\/53564"}],"wp:featuredmedia":[{"embeddable":true,"href":"https:\/\/radionuble.cl\/v1\/wp-json\/wp\/v2\/media\/53563"}],"wp:attachment":[{"href":"https:\/\/radionuble.cl\/v1\/wp-json\/wp\/v2\/media?parent=53562"}],"wp:term":[{"taxonomy":"category","embeddable":true,"href":"https:\/\/radionuble.cl\/v1\/wp-json\/wp\/v2\/categories?post=53562"},{"taxonomy":"post_tag","embeddable":true,"href":"https:\/\/radionuble.cl\/v1\/wp-json\/wp\/v2\/tags?post=53562"}],"curies":[{"name":"wp","href":"https:\/\/api.w.org\/{rel}","templated":true}]}}