{"id":53574,"date":"2026-04-14T17:04:10","date_gmt":"2026-04-14T17:04:10","guid":{"rendered":"https:\/\/radionuble.cl\/v1\/?p=53574"},"modified":"2026-04-14T17:04:10","modified_gmt":"2026-04-14T17:04:10","slug":"alcalde-de-coihueco-queda-con-orden-de-alejamiento-y-prohibicion-de-comunicacion","status":"publish","type":"post","link":"https:\/\/radionuble.cl\/v1\/2026\/04\/14\/alcalde-de-coihueco-queda-con-orden-de-alejamiento-y-prohibicion-de-comunicacion\/","title":{"rendered":"Alcalde de Coihueco queda con orden de alejamiento y prohibici\u00f3n de comunicaci\u00f3n"},"content":{"rendered":"<p>El Juzgado de Garant\u00eda de Chill\u00e1n decret\u00f3 medidas cautelares contra el alcalde de Coihueco, Wilson Enrique Palma Jelves, tras una denuncia que motiv\u00f3 la intervenci\u00f3n judicial para resguardar la integridad de la presunta v\u00edctima.<\/p>\n<p>La resoluci\u00f3n, fechada el 14 de abril de 2026, establece la prohibici\u00f3n de acercamiento a la denunciante, identificada como N.A.S.B, tanto en su domicilio, lugar de trabajo o cualquier sitio donde ella se encuentre.<\/p>\n<p>Adem\u00e1s, el tribunal orden\u00f3 la prohibici\u00f3n de contacto por WhatsApp, mensajer\u00eda o cualquier medio tecnol\u00f3gico, extendiendo tambi\u00e9n la restricci\u00f3n a comunicaciones a trav\u00e9s de terceros.<\/p>\n<p><strong>Tribunal fija restricciones y firma mensual para alcalde de Coihueco<\/strong><\/p>\n<p>La medida cautelar tambi\u00e9n incluye la obligaci\u00f3n de firma mensual en la Subcomisar\u00eda de Carabineros de Coihueco, control que deber\u00e1 realizarse el \u00faltimo fin de semana de cada per\u00edodo, a contar del mes de abril.<\/p>\n<p>Seg\u00fan el documento judicial, la decisi\u00f3n se adopt\u00f3 tras considerar la existencia de antecedentes que podr\u00edan constituir il\u00edcitos y que representar\u00edan un riesgo para la integridad corporal e indemnidad sexual de la v\u00edctima, por lo que el tribunal dispuso medidas de protecci\u00f3n.<\/p>\n<p>Las restricciones fueron decretadas por un plazo inicial de 60 d\u00edas, periodo en el que el imputado deber\u00e1 cumplir estrictamente las condiciones impuestas por el tribunal.<\/p>\n<p>La resoluci\u00f3n advierte que el incumplimiento de las medidas cautelares podr\u00eda configurar el delito de desacato, el cual contempla penas que van desde 541 d\u00edas a 5 a\u00f1os de privaci\u00f3n de libertad, mientras la causa contin\u00faa en investigaci\u00f3n.<\/p>\n","protected":false},"excerpt":{"rendered":"<p>El Juzgado de Garant\u00eda de Chill\u00e1n decret\u00f3 medidas cautelares contra el alcalde de Coihueco, Wilson Enrique Palma Jelves, tras una denuncia que motiv\u00f3 la intervenci\u00f3n judicial para resguardar la integridad de la presunta v\u00edctima. La resoluci\u00f3n, fechada el 14 de abril de 2026, establece la prohibici\u00f3n de acercamiento a la denunciante, identificada como N.A.S.B, tanto &hellip;<\/p>\n","protected":false},"author":1,"featured_media":53575,"comment_status":"open","ping_status":"open","sticky":false,"template":"","format":"standard","meta":{"footnotes":""},"categories":[25],"tags":[],"class_list":["post-53574","post","type-post","status-publish","format-standard","has-post-thumbnail","hentry","category-nuble"],"_links":{"self":[{"href":"https:\/\/radionuble.cl\/v1\/wp-json\/wp\/v2\/posts\/53574","targetHints":{"allow":["GET"]}}],"collection":[{"href":"https:\/\/radionuble.cl\/v1\/wp-json\/wp\/v2\/posts"}],"about":[{"href":"https:\/\/radionuble.cl\/v1\/wp-json\/wp\/v2\/types\/post"}],"author":[{"embeddable":true,"href":"https:\/\/radionuble.cl\/v1\/wp-json\/wp\/v2\/users\/1"}],"replies":[{"embeddable":true,"href":"https:\/\/radionuble.cl\/v1\/wp-json\/wp\/v2\/comments?post=53574"}],"version-history":[{"count":1,"href":"https:\/\/radionuble.cl\/v1\/wp-json\/wp\/v2\/posts\/53574\/revisions"}],"predecessor-version":[{"id":53576,"href":"https:\/\/radionuble.cl\/v1\/wp-json\/wp\/v2\/posts\/53574\/revisions\/53576"}],"wp:featuredmedia":[{"embeddable":true,"href":"https:\/\/radionuble.cl\/v1\/wp-json\/wp\/v2\/media\/53575"}],"wp:attachment":[{"href":"https:\/\/radionuble.cl\/v1\/wp-json\/wp\/v2\/media?parent=53574"}],"wp:term":[{"taxonomy":"category","embeddable":true,"href":"https:\/\/radionuble.cl\/v1\/wp-json\/wp\/v2\/categories?post=53574"},{"taxonomy":"post_tag","embeddable":true,"href":"https:\/\/radionuble.cl\/v1\/wp-json\/wp\/v2\/tags?post=53574"}],"curies":[{"name":"wp","href":"https:\/\/api.w.org\/{rel}","templated":true}]}}