{"id":53795,"date":"2026-04-26T13:55:20","date_gmt":"2026-04-26T13:55:20","guid":{"rendered":"https:\/\/radionuble.cl\/v1\/?p=53795"},"modified":"2026-04-26T13:56:30","modified_gmt":"2026-04-26T13:56:30","slug":"jardin-sobre-ruedas-inicia-atencion-en-escuela-balsa-zapallar-y-amplia-cobertura-en-sectores-rurales-de-nuble","status":"publish","type":"post","link":"https:\/\/radionuble.cl\/v1\/2026\/04\/26\/jardin-sobre-ruedas-inicia-atencion-en-escuela-balsa-zapallar-y-amplia-cobertura-en-sectores-rurales-de-nuble\/","title":{"rendered":"Jard\u00edn Sobre Ruedas inicia atenci\u00f3n en Escuela Balsa Zapallar y ampl\u00eda cobertura en sectores rurales de \u00d1uble"},"content":{"rendered":"<p>En la comuna de El Carmen se realiz\u00f3 el hito de inauguraci\u00f3n de la modalidad no convencional de educaci\u00f3n parvularia Jard\u00edn Sobre Ruedas, de Fundaci\u00f3n Integra, iniciativa que permitir\u00e1 acercar oportunidades de aprendizaje a 13 ni\u00f1as y ni\u00f1os de la Escuela Balsa Zapallar, fortaleciendo el acceso a educaci\u00f3n de calidad en sectores rurales.<\/p>\n<p>La actividad cont\u00f3 con la participaci\u00f3n de autoridades regionales y comunales, equipos educativos y familias, quienes valoraron la implementaci\u00f3n de esta estrategia que busca reducir brechas de acceso en la primera infancia.<\/p>\n<p>El Seremi de Educaci\u00f3n de la Regi\u00f3n de \u00d1uble, Felipe Vogel, destac\u00f3 el impacto de este tipo de iniciativas se\u00f1alando: \u201cEs un motivo de gran alegr\u00eda poder encontrarnos en la Escuela Balsa Zapallar, donde estamos, en conjunto con el Municipio e Integra, desarrollando este programa que se llama Jard\u00edn Sobre Ruedas, el cual beneficia a m\u00e1s de trece ni\u00f1os de nuestra comuna. Es por eso que estamos ac\u00e1, para seguir fortaleciendo el trabajo intersectorial en beneficio de todos nuestros ni\u00f1os y ni\u00f1as de la regi\u00f3n\u201d.<\/p>\n<p>Desde el municipio, tambi\u00e9n relevaron el valor de este avance para la comunidad educativa. La Directora del Departamento de Educaci\u00f3n Municipal, Maria Valentina Ruiz, destac\u00f3 el funcionamiento de esta modalidad que permitir\u00e1 que ni\u00f1as y ni\u00f1os en edad parvularia \u201cpuedan contar con atenci\u00f3n, acceder a educaci\u00f3n de calidad y articular su proceso educativo con la escuela\u201d.<\/p>\n<p>Por su parte, la directora regional (I) de Fundaci\u00f3n Integra, Paola Campos, subray\u00f3 el rol de las familias y la comunidad en este proceso:<\/p>\n<p>\u201cHoy nos hemos reunido en la Escuela Balsa Zapallar para vivir un hito del Jard\u00edn Sobre Ruedas, donde junto a las familias vamos a entregar educaci\u00f3n y bienestar en una etapa tan importante como la educaci\u00f3n parvularia. Agradecemos a la comuna por recibirnos siempre con las manos abiertas para aportar a la educaci\u00f3n parvularia\u201d.<\/p>\n<p>En tanto, el director encargado del establecimiento, Jos\u00e9 Manuel Cerda, valor\u00f3 la proyecci\u00f3n que esta iniciativa genera para la trayectoria educativa de los ni\u00f1os y ni\u00f1as: \u201cEstamos muy felices de poder compartir este espacio con nuestros apoderados y estudiantes. Es muy importante que la primera infancia se desarrolle en nuestra escuela, proyectando a futuro que estos ni\u00f1os y ni\u00f1as puedan continuar su educaci\u00f3n b\u00e1sica con nosotros\u201d.<\/p>\n<p>Este a\u00f1o, el programa ampl\u00eda su presencia en nuevos sectores rurales, llegando a Guarilihue, en la comuna de Coelemu, y Zapallar de El Carmen, en la comuna de El Carmen, sum\u00e1ndose a los sectores de Recinto, en la comuna de Pinto, y Las Hormigas, tambi\u00e9n en El Carmen, donde este 2026 se celebran 10 a\u00f1os de atenci\u00f3n continua a la comunidad.<\/p>\n<p>El programa Jard\u00edn Sobre Ruedas es una propuesta educativa innovadora de Fundaci\u00f3n Integra que, a trav\u00e9s de un equipo pedag\u00f3gico y un veh\u00edculo acondicionado, lleva experiencias educativas a territorios donde no existen jardines infantiles tradicionales. Su implementaci\u00f3n permite generar espacios de aprendizaje, juego y encuentro directamente en la comunidad, promoviendo el desarrollo integral de ni\u00f1as y ni\u00f1os junto a sus familias.<\/p>\n","protected":false},"excerpt":{"rendered":"<p>En la comuna de El Carmen se realiz\u00f3 el hito de inauguraci\u00f3n de la modalidad no convencional de educaci\u00f3n parvularia Jard\u00edn Sobre Ruedas, de Fundaci\u00f3n Integra, iniciativa que permitir\u00e1 acercar oportunidades de aprendizaje a 13 ni\u00f1as y ni\u00f1os de la Escuela Balsa Zapallar, fortaleciendo el acceso a educaci\u00f3n de calidad en sectores rurales. La actividad &hellip;<\/p>\n","protected":false},"author":5,"featured_media":53797,"comment_status":"open","ping_status":"open","sticky":false,"template":"","format":"standard","meta":{"footnotes":""},"categories":[33,25],"tags":[],"class_list":["post-53795","post","type-post","status-publish","format-standard","has-post-thumbnail","hentry","category-noticias","category-nuble"],"_links":{"self":[{"href":"https:\/\/radionuble.cl\/v1\/wp-json\/wp\/v2\/posts\/53795","targetHints":{"allow":["GET"]}}],"collection":[{"href":"https:\/\/radionuble.cl\/v1\/wp-json\/wp\/v2\/posts"}],"about":[{"href":"https:\/\/radionuble.cl\/v1\/wp-json\/wp\/v2\/types\/post"}],"author":[{"embeddable":true,"href":"https:\/\/radionuble.cl\/v1\/wp-json\/wp\/v2\/users\/5"}],"replies":[{"embeddable":true,"href":"https:\/\/radionuble.cl\/v1\/wp-json\/wp\/v2\/comments?post=53795"}],"version-history":[{"count":3,"href":"https:\/\/radionuble.cl\/v1\/wp-json\/wp\/v2\/posts\/53795\/revisions"}],"predecessor-version":[{"id":53800,"href":"https:\/\/radionuble.cl\/v1\/wp-json\/wp\/v2\/posts\/53795\/revisions\/53800"}],"wp:featuredmedia":[{"embeddable":true,"href":"https:\/\/radionuble.cl\/v1\/wp-json\/wp\/v2\/media\/53797"}],"wp:attachment":[{"href":"https:\/\/radionuble.cl\/v1\/wp-json\/wp\/v2\/media?parent=53795"}],"wp:term":[{"taxonomy":"category","embeddable":true,"href":"https:\/\/radionuble.cl\/v1\/wp-json\/wp\/v2\/categories?post=53795"},{"taxonomy":"post_tag","embeddable":true,"href":"https:\/\/radionuble.cl\/v1\/wp-json\/wp\/v2\/tags?post=53795"}],"curies":[{"name":"wp","href":"https:\/\/api.w.org\/{rel}","templated":true}]}}