{"id":53803,"date":"2026-04-27T17:36:28","date_gmt":"2026-04-27T17:36:28","guid":{"rendered":"https:\/\/radionuble.cl\/v1\/?p=53803"},"modified":"2026-04-27T17:36:28","modified_gmt":"2026-04-27T17:36:28","slug":"nueva-urgencia-dental-en-cesfam-teresa-baldecchi-busca-reducir-lista-de-espera-de-5-mil-personas","status":"publish","type":"post","link":"https:\/\/radionuble.cl\/v1\/2026\/04\/27\/nueva-urgencia-dental-en-cesfam-teresa-baldecchi-busca-reducir-lista-de-espera-de-5-mil-personas\/","title":{"rendered":"Nueva urgencia dental en CESFAM Teresa Baldecchi busca reducir lista de espera de 5 mil personas"},"content":{"rendered":"<p><strong>A partir del 15 de mayo,<\/strong> la Municipalidad de San Carlos pondr\u00e1 en marcha un nuevo <strong>servicio de urgencia dental en el CESFAM Teresa Baldecchi<\/strong>, iniciativa que considera una inversi\u00f3n municipal superior a los <strong>35 millones de pesos<\/strong> y que busca responder a una de las principales demandas de la comunidad, disminuyendo una <strong>lista de espera<\/strong> que actualmente bordea las <strong>5.000 personas<\/strong>, equivalente a cerca del 10% de la poblaci\u00f3n comunal.<\/p>\n<p>El nuevo dispositivo funcionar\u00e1 en horario de <strong>Atenci\u00f3n M\u00e9dica Extendida<\/strong>, de <strong>lunes a viernes entre las 17:00 y las 00:00 horas<\/strong>, mientras que los d\u00edas <strong>s\u00e1bados, domingos y festivos operar\u00e1 desde las 08:00 hasta las 00:00 horas<\/strong>, ampliando significativamente la cobertura y el acceso a prestaciones odontol\u00f3gicas de urgencia, en el marco de una estrategia municipal orientada a fortalecer la atenci\u00f3n primaria de salud.<\/p>\n<p>Esta medida forma parte de la <strong>planificaci\u00f3n impulsada por la administraci\u00f3n municipal<\/strong> para mejorar la resolutividad del sistema local, considerando recursos destinados a equipamiento, contrataci\u00f3n de profesionales y puesta en marcha del servicio, con foco en reducir brechas hist\u00f3ricas en salud bucal.<\/p>\n<p>El <strong>alcalde Rub\u00e9n M\u00e9ndez<\/strong> destac\u00f3 el impacto de esta implementaci\u00f3n se\u00f1alando que \u201ctenemos una tremenda noticia para la salud sancarlina. A partir de la segunda quincena de mayo en el <strong>consultorio Teresa Baldecchi<\/strong> vamos a tener urgencia dental en horario de extensi\u00f3n horaria, desde las 5 de la tarde hasta las 12 de la noche los d\u00edas de semana y desde las 8 de la ma\u00f1ana hasta las 12 de la noche los fines de semana y feriados\u201d. Asimismo, agreg\u00f3 que \u201cesto nos va a permitir llegar con mayor rapidez a una poblaci\u00f3n donde cerca del 10% de los sancarlinos tiene alg\u00fan problema dental y est\u00e1 en lista de espera\u201d.<\/p>\n<audio class=\"wp-audio-shortcode\" id=\"audio-53803-1\" preload=\"none\" style=\"width: 100%;\" controls=\"controls\"><source type=\"audio\/mpeg\" src=\"https:\/\/radionuble.cl\/v1\/wp-content\/uploads\/2026\/04\/Alcalde-Ruben-Mendez.mp3?_=1\" \/><a href=\"https:\/\/radionuble.cl\/v1\/wp-content\/uploads\/2026\/04\/Alcalde-Ruben-Mendez.mp3\">https:\/\/radionuble.cl\/v1\/wp-content\/uploads\/2026\/04\/Alcalde-Ruben-Mendez.mp3<\/a><\/audio>\n<p>Desde el Concejo Municipal, la <strong>concejala Lorena Polanco<\/strong>, presidenta de la comisi\u00f3n de salud, valor\u00f3 la medida indicando que \u201ctenemos una excelente noticia anunciada por la administraci\u00f3n municipal con relaci\u00f3n a un problema constante que se nos reporta, que es la ampliaci\u00f3n de atenci\u00f3n de urgencia dental en el <strong>CESFAM Teresa Baldecchi,<\/strong> que va a funcionar durante la atenci\u00f3n m\u00e9dica extendida. Como concejales estamos muy agradecidos porque sabemos cu\u00e1l es la necesidad de nuestras vecinas y vecinos\u201d.<\/p>\n<audio class=\"wp-audio-shortcode\" id=\"audio-53803-2\" preload=\"none\" style=\"width: 100%;\" controls=\"controls\"><source type=\"audio\/mpeg\" src=\"https:\/\/radionuble.cl\/v1\/wp-content\/uploads\/2026\/04\/Lorena-Polanco-concejala.mp3?_=2\" \/><a href=\"https:\/\/radionuble.cl\/v1\/wp-content\/uploads\/2026\/04\/Lorena-Polanco-concejala.mp3\">https:\/\/radionuble.cl\/v1\/wp-content\/uploads\/2026\/04\/Lorena-Polanco-concejala.mp3<\/a><\/audio>\n<p>Por su parte, la <strong>directora del Departamento de Salud Municipal, Carmen Gajardo<\/strong>, explic\u00f3 que \u201ccomo lo anunci\u00f3 nuestro alcalde en la cuenta p\u00fablica, vamos a comenzar con las urgencias odontol\u00f3gicas ac\u00e1 en el CESFAM Teresa Baldecchi. Se espera que a contar de la tercera semana de mayo ya contemos con un profesional odont\u00f3logo que va a atender las urgencias y tambi\u00e9n va a abordar el tema de las listas de espera\u201d.<\/p>\n<audio class=\"wp-audio-shortcode\" id=\"audio-53803-3\" preload=\"none\" style=\"width: 100%;\" controls=\"controls\"><source type=\"audio\/mpeg\" src=\"https:\/\/radionuble.cl\/v1\/wp-content\/uploads\/2026\/04\/Carmen-Gajardo-Desamu-San-Carlos.mp3?_=3\" \/><a href=\"https:\/\/radionuble.cl\/v1\/wp-content\/uploads\/2026\/04\/Carmen-Gajardo-Desamu-San-Carlos.mp3\">https:\/\/radionuble.cl\/v1\/wp-content\/uploads\/2026\/04\/Carmen-Gajardo-Desamu-San-Carlos.mp3<\/a><\/audio>\n<p>En la misma l\u00ednea, el <strong>director del CESFAM Teresa Baldecchi, Eduardo N\u00fa\u00f1ez<\/strong>, relev\u00f3 la importancia de la inversi\u00f3n se\u00f1alando que \u201cesto es muy importante porque involucra una inversi\u00f3n aproximada de 35 a 40 millones de pesos y va a ir orientado a atender las urgencias dentales y tambi\u00e9n a abordar el tema de la lista de espera\u201d.<\/p>\n<audio class=\"wp-audio-shortcode\" id=\"audio-53803-4\" preload=\"none\" style=\"width: 100%;\" controls=\"controls\"><source type=\"audio\/mpeg\" src=\"https:\/\/radionuble.cl\/v1\/wp-content\/uploads\/2026\/04\/Eduardo-Nunez-director-Cesfam-Teresa-Baldecchi.mp3?_=4\" \/><a href=\"https:\/\/radionuble.cl\/v1\/wp-content\/uploads\/2026\/04\/Eduardo-Nunez-director-Cesfam-Teresa-Baldecchi.mp3\">https:\/\/radionuble.cl\/v1\/wp-content\/uploads\/2026\/04\/Eduardo-Nunez-director-Cesfam-Teresa-Baldecchi.mp3<\/a><\/audio>\n<p>Con esta implementaci\u00f3n, el municipio proyecta una disminuci\u00f3n progresiva de la lista de espera y una mejora sustantiva en el acceso a prestaciones odontol\u00f3gicas, en un contexto donde la demanda por este tipo de atenci\u00f3n ha ido en aumento en la comuna.<\/p>\n","protected":false},"excerpt":{"rendered":"<p>A partir del 15 de mayo, la Municipalidad de San Carlos pondr\u00e1 en marcha un nuevo servicio de urgencia dental en el CESFAM Teresa Baldecchi, iniciativa que considera una inversi\u00f3n municipal superior a los 35 millones de pesos y que busca responder a una de las principales demandas de la comunidad, disminuyendo una lista de &hellip;<\/p>\n","protected":false},"author":5,"featured_media":53808,"comment_status":"open","ping_status":"open","sticky":false,"template":"","format":"standard","meta":{"footnotes":""},"categories":[33,25],"tags":[],"class_list":["post-53803","post","type-post","status-publish","format-standard","has-post-thumbnail","hentry","category-noticias","category-nuble"],"_links":{"self":[{"href":"https:\/\/radionuble.cl\/v1\/wp-json\/wp\/v2\/posts\/53803","targetHints":{"allow":["GET"]}}],"collection":[{"href":"https:\/\/radionuble.cl\/v1\/wp-json\/wp\/v2\/posts"}],"about":[{"href":"https:\/\/radionuble.cl\/v1\/wp-json\/wp\/v2\/types\/post"}],"author":[{"embeddable":true,"href":"https:\/\/radionuble.cl\/v1\/wp-json\/wp\/v2\/users\/5"}],"replies":[{"embeddable":true,"href":"https:\/\/radionuble.cl\/v1\/wp-json\/wp\/v2\/comments?post=53803"}],"version-history":[{"count":1,"href":"https:\/\/radionuble.cl\/v1\/wp-json\/wp\/v2\/posts\/53803\/revisions"}],"predecessor-version":[{"id":53809,"href":"https:\/\/radionuble.cl\/v1\/wp-json\/wp\/v2\/posts\/53803\/revisions\/53809"}],"wp:featuredmedia":[{"embeddable":true,"href":"https:\/\/radionuble.cl\/v1\/wp-json\/wp\/v2\/media\/53808"}],"wp:attachment":[{"href":"https:\/\/radionuble.cl\/v1\/wp-json\/wp\/v2\/media?parent=53803"}],"wp:term":[{"taxonomy":"category","embeddable":true,"href":"https:\/\/radionuble.cl\/v1\/wp-json\/wp\/v2\/categories?post=53803"},{"taxonomy":"post_tag","embeddable":true,"href":"https:\/\/radionuble.cl\/v1\/wp-json\/wp\/v2\/tags?post=53803"}],"curies":[{"name":"wp","href":"https:\/\/api.w.org\/{rel}","templated":true}]}}