{"id":53813,"date":"2026-04-27T18:10:51","date_gmt":"2026-04-27T18:10:51","guid":{"rendered":"https:\/\/radionuble.cl\/v1\/?p=53813"},"modified":"2026-04-27T18:10:51","modified_gmt":"2026-04-27T18:10:51","slug":"portezuelo-reunio-a-3-mil-personas-en-vendimia-y-potencia-turismo-local","status":"publish","type":"post","link":"https:\/\/radionuble.cl\/v1\/2026\/04\/27\/portezuelo-reunio-a-3-mil-personas-en-vendimia-y-potencia-turismo-local\/","title":{"rendered":"Portezuelo reuni\u00f3 a 3 mil personas en Vendimia y potencia turismo local"},"content":{"rendered":"<p data-start=\"77\" data-end=\"280\">Cerca de 3 mil personas llegaron hasta la Plaza de Armas de Portezuelo para participar en la Fiesta de la Vendimia 2026, consolidando a la comuna como un destino enotur\u00edstico clave en el Valle del Itata.<\/p>\n<p data-start=\"282\" data-end=\"479\">El evento convoc\u00f3 a visitantes de \u00d1uble, Maule y Biob\u00edo, quienes disfrutaron de una jornada marcada por tradiciones campesinas, actividades culturales y una fuerte presencia de productores locales.<\/p>\n<p data-start=\"481\" data-end=\"669\">El impacto fue directo en la econom\u00eda comunal, ya que m\u00e1s de 70 stands ofrecieron productos de artesan\u00eda, gastronom\u00eda y vinos, generando ventas y visibilidad para emprendedores de la zona.<\/p>\n<p data-start=\"671\" data-end=\"850\">En lo pr\u00e1ctico, la actividad incluy\u00f3 catas guiadas, un taller de ensamblaje de vinos y experiencias ligadas al mundo vitivin\u00edcola, fortaleciendo la oferta tur\u00edstica de Portezuelo.<\/p>\n<p data-start=\"852\" data-end=\"1037\">Durante la jornada se realizaron hitos tradicionales como la bendici\u00f3n de las vi\u00f1as, el desayuno campesino, la vendimia y la procesi\u00f3n de la Virgen, que convocaron a familias completas.<\/p>\n<p data-start=\"1039\" data-end=\"1220\">El alcalde <span class=\"hover:entity-accent entity-underline inline cursor-pointer align-baseline\"><span class=\"whitespace-normal\">Juan Carlos Ram\u00edrez<\/span><\/span> destac\u00f3 el crecimiento sostenido del evento, se\u00f1alando que cada versi\u00f3n fortalece la identidad local y el posicionamiento tur\u00edstico.<\/p>\n<p data-start=\"1222\" data-end=\"1367\">El encuentro se desarroll\u00f3 en un ambiente familiar y sin incidentes, cerrando con un espect\u00e1culo musical que reuni\u00f3 a los asistentes en la plaza.<\/p>\n<p data-start=\"1369\" data-end=\"1513\">La Fiesta de la Vendimia se ha convertido en una vitrina clave para los vi\u00f1ateros del Valle del Itata, impulsando el desarrollo econ\u00f3mico local.<\/p>\n<p data-start=\"1515\" data-end=\"1666\">Con alta convocatoria y participaci\u00f3n, Portezuelo reafirma su rol como polo tur\u00edstico en \u00d1uble, proyectando su tradici\u00f3n vitivin\u00edcola a nivel regional.<\/p>\n","protected":false},"excerpt":{"rendered":"<p>Cerca de 3 mil personas llegaron hasta la Plaza de Armas de Portezuelo para participar en la Fiesta de la Vendimia 2026, consolidando a la comuna como un destino enotur\u00edstico clave en el Valle del Itata. El evento convoc\u00f3 a visitantes de \u00d1uble, Maule y Biob\u00edo, quienes disfrutaron de una jornada marcada por tradiciones campesinas, &hellip;<\/p>\n","protected":false},"author":1,"featured_media":53814,"comment_status":"open","ping_status":"open","sticky":false,"template":"","format":"standard","meta":{"footnotes":""},"categories":[25],"tags":[],"class_list":["post-53813","post","type-post","status-publish","format-standard","has-post-thumbnail","hentry","category-nuble"],"_links":{"self":[{"href":"https:\/\/radionuble.cl\/v1\/wp-json\/wp\/v2\/posts\/53813","targetHints":{"allow":["GET"]}}],"collection":[{"href":"https:\/\/radionuble.cl\/v1\/wp-json\/wp\/v2\/posts"}],"about":[{"href":"https:\/\/radionuble.cl\/v1\/wp-json\/wp\/v2\/types\/post"}],"author":[{"embeddable":true,"href":"https:\/\/radionuble.cl\/v1\/wp-json\/wp\/v2\/users\/1"}],"replies":[{"embeddable":true,"href":"https:\/\/radionuble.cl\/v1\/wp-json\/wp\/v2\/comments?post=53813"}],"version-history":[{"count":1,"href":"https:\/\/radionuble.cl\/v1\/wp-json\/wp\/v2\/posts\/53813\/revisions"}],"predecessor-version":[{"id":53815,"href":"https:\/\/radionuble.cl\/v1\/wp-json\/wp\/v2\/posts\/53813\/revisions\/53815"}],"wp:featuredmedia":[{"embeddable":true,"href":"https:\/\/radionuble.cl\/v1\/wp-json\/wp\/v2\/media\/53814"}],"wp:attachment":[{"href":"https:\/\/radionuble.cl\/v1\/wp-json\/wp\/v2\/media?parent=53813"}],"wp:term":[{"taxonomy":"category","embeddable":true,"href":"https:\/\/radionuble.cl\/v1\/wp-json\/wp\/v2\/categories?post=53813"},{"taxonomy":"post_tag","embeddable":true,"href":"https:\/\/radionuble.cl\/v1\/wp-json\/wp\/v2\/tags?post=53813"}],"curies":[{"name":"wp","href":"https:\/\/api.w.org\/{rel}","templated":true}]}}