{"id":53819,"date":"2026-04-27T18:13:05","date_gmt":"2026-04-27T18:13:05","guid":{"rendered":"https:\/\/radionuble.cl\/v1\/?p=53819"},"modified":"2026-04-27T18:13:05","modified_gmt":"2026-04-27T18:13:05","slug":"carabineros-celebra-99-anos-en-nuble-con-foco-en-seguridad-y-centenario","status":"publish","type":"post","link":"https:\/\/radionuble.cl\/v1\/2026\/04\/27\/carabineros-celebra-99-anos-en-nuble-con-foco-en-seguridad-y-centenario\/","title":{"rendered":"Carabineros celebra 99 a\u00f1os en \u00d1uble con foco en seguridad y centenario"},"content":{"rendered":"<p data-start=\"79\" data-end=\"302\">Carabineros de Chile conmemor\u00f3 este 27 de abril su aniversario n\u00famero 99 con actividades en Chill\u00e1n y todo el pa\u00eds, marcando el inicio del camino hacia su centenario con \u00e9nfasis en seguridad y fortalecimiento institucional.<\/p>\n<p data-start=\"304\" data-end=\"516\">La ceremonia en \u00d1uble reuni\u00f3 a autoridades regionales y funcionarios, destacando el despliegue policial en toda la regi\u00f3n, desde la costa hasta la cordillera, y el rol permanente en la protecci\u00f3n de la comunidad.<\/p>\n<p data-start=\"518\" data-end=\"705\">El impacto es directo en materia de seguridad p\u00fablica, ya que la instituci\u00f3n cuenta con m\u00e1s de mil funcionarios en \u00d1uble, encargados de resguardar a la poblaci\u00f3n en distintos territorios.<\/p>\n<p data-start=\"707\" data-end=\"908\">En lo pr\u00e1ctico, durante la jornada se destac\u00f3 el aumento de recursos, incorporaci\u00f3n de veh\u00edculos policiales y mejoras en infraestructura, lo que ha permitido reforzar el trabajo operativo en la regi\u00f3n.<\/p>\n<p data-start=\"910\" data-end=\"1092\">La general jefe de zona, <span class=\"hover:entity-accent entity-underline inline cursor-pointer align-baseline\"><span class=\"whitespace-normal\">Loreto Osses<\/span><\/span>, valor\u00f3 el aniversario se\u00f1alando que la instituci\u00f3n cierra un siglo de historia y proyecta con esperanza su centenario.<\/p>\n<p data-start=\"1094\" data-end=\"1283\">Adem\u00e1s, confirm\u00f3 avances en un proyecto clave: la futura Escuela de Formaci\u00f3n de Carabineros en \u00d1uble, que comenzar\u00e1 en modalidad transitoria y luego contar\u00e1 con infraestructura definitiva.<\/p>\n<p data-start=\"1285\" data-end=\"1445\">Desde el Gobierno Regional destacaron el aumento sostenido del presupuesto para Carabineros, lo que se ha traducido en nuevos cuarteles, retenes y equipamiento.<\/p>\n<p data-start=\"1447\" data-end=\"1609\">El gobernador regional, <span class=\"hover:entity-accent entity-underline inline cursor-pointer align-baseline\"><span class=\"whitespace-normal\">\u00d3scar Cris\u00f3stomo<\/span><\/span>, recalc\u00f3 que existe un compromiso de apoyo permanente a la instituci\u00f3n para fortalecer la seguridad.<\/p>\n<p data-start=\"1611\" data-end=\"1782\">Las autoridades coincidieron en que el trabajo conjunto entre Carabineros, Gobierno y comunidad ser\u00e1 clave en los desaf\u00edos que vienen hacia los 100 a\u00f1os de la instituci\u00f3n.<\/p>\n<p data-start=\"1784\" data-end=\"1949\">El aniversario 99 de Carabineros en \u00d1uble se conmemor\u00f3 con un llamado a reforzar la seguridad y avanzar en proyectos que mejoren la labor policial en toda la regi\u00f3n.<\/p>\n","protected":false},"excerpt":{"rendered":"<p>Carabineros de Chile conmemor\u00f3 este 27 de abril su aniversario n\u00famero 99 con actividades en Chill\u00e1n y todo el pa\u00eds, marcando el inicio del camino hacia su centenario con \u00e9nfasis en seguridad y fortalecimiento institucional. La ceremonia en \u00d1uble reuni\u00f3 a autoridades regionales y funcionarios, destacando el despliegue policial en toda la regi\u00f3n, desde la &hellip;<\/p>\n","protected":false},"author":1,"featured_media":53820,"comment_status":"open","ping_status":"open","sticky":false,"template":"","format":"standard","meta":{"footnotes":""},"categories":[25],"tags":[],"class_list":["post-53819","post","type-post","status-publish","format-standard","has-post-thumbnail","hentry","category-nuble"],"_links":{"self":[{"href":"https:\/\/radionuble.cl\/v1\/wp-json\/wp\/v2\/posts\/53819","targetHints":{"allow":["GET"]}}],"collection":[{"href":"https:\/\/radionuble.cl\/v1\/wp-json\/wp\/v2\/posts"}],"about":[{"href":"https:\/\/radionuble.cl\/v1\/wp-json\/wp\/v2\/types\/post"}],"author":[{"embeddable":true,"href":"https:\/\/radionuble.cl\/v1\/wp-json\/wp\/v2\/users\/1"}],"replies":[{"embeddable":true,"href":"https:\/\/radionuble.cl\/v1\/wp-json\/wp\/v2\/comments?post=53819"}],"version-history":[{"count":1,"href":"https:\/\/radionuble.cl\/v1\/wp-json\/wp\/v2\/posts\/53819\/revisions"}],"predecessor-version":[{"id":53821,"href":"https:\/\/radionuble.cl\/v1\/wp-json\/wp\/v2\/posts\/53819\/revisions\/53821"}],"wp:featuredmedia":[{"embeddable":true,"href":"https:\/\/radionuble.cl\/v1\/wp-json\/wp\/v2\/media\/53820"}],"wp:attachment":[{"href":"https:\/\/radionuble.cl\/v1\/wp-json\/wp\/v2\/media?parent=53819"}],"wp:term":[{"taxonomy":"category","embeddable":true,"href":"https:\/\/radionuble.cl\/v1\/wp-json\/wp\/v2\/categories?post=53819"},{"taxonomy":"post_tag","embeddable":true,"href":"https:\/\/radionuble.cl\/v1\/wp-json\/wp\/v2\/tags?post=53819"}],"curies":[{"name":"wp","href":"https:\/\/api.w.org\/{rel}","templated":true}]}}