{"id":53822,"date":"2026-04-27T18:14:15","date_gmt":"2026-04-27T18:14:15","guid":{"rendered":"https:\/\/radionuble.cl\/v1\/?p=53822"},"modified":"2026-04-27T18:14:15","modified_gmt":"2026-04-27T18:14:15","slug":"proyecto-de-carabineros-en-nuble-sigue-entrampado-por-conexion-electrica","status":"publish","type":"post","link":"https:\/\/radionuble.cl\/v1\/2026\/04\/27\/proyecto-de-carabineros-en-nuble-sigue-entrampado-por-conexion-electrica\/","title":{"rendered":"Proyecto de Carabineros en \u00d1uble sigue entrampado por conexi\u00f3n el\u00e9ctrica"},"content":{"rendered":"<p data-start=\"74\" data-end=\"286\">La puesta en marcha de la escuela de formaci\u00f3n provisoria de Carabineros en Quirihue presenta retrasos debido a problemas en la conexi\u00f3n el\u00e9ctrica, lo que impide iniciar el funcionamiento en los plazos previstos.<\/p>\n<p data-start=\"288\" data-end=\"509\">El alcalde de Quirihue, <span class=\"hover:entity-accent entity-underline inline cursor-pointer align-baseline\"><span class=\"whitespace-normal\">Eduardo Redlich<\/span><\/span>, explic\u00f3 que si bien ya se realiz\u00f3 el aumento de potencia en el sector, a\u00fan falta la conexi\u00f3n directa al edificio, tr\u00e1mite que depende de la empresa el\u00e9ctrica.<\/p>\n<p data-start=\"511\" data-end=\"686\">El impacto es directo en el inicio de las clases, ya que sin este suministro no se pueden recibir a los cerca de 90 postulantes que esperan comenzar su formaci\u00f3n en la comuna.<\/p>\n<p data-start=\"688\" data-end=\"865\">En lo pr\u00e1ctico, el proyecto requiere aumentar la capacidad el\u00e9ctrica desde 40 a 70 unidades de potencia, proceso que ya fue gestionado, pero cuya conexi\u00f3n final sigue pendiente.<\/p>\n<p data-start=\"867\" data-end=\"1065\">Desde el municipio se\u00f1alaron que los documentos fueron ingresados hace semanas, pero el tr\u00e1mite se mantiene entrampado, lo que ha obligado a gestionar apoyo t\u00e9cnico y administrativo para agilizarlo.<\/p>\n<p data-start=\"1067\" data-end=\"1197\">El alcalde indic\u00f3 que, una vez resuelto este punto, la escuela podr\u00eda comenzar a operar en un plazo estimado de una a dos semanas.<\/p>\n<p data-start=\"1199\" data-end=\"1324\">Este proyecto es clave para reforzar la formaci\u00f3n de nuevos carabineros en la regi\u00f3n y mejorar la dotaci\u00f3n policial en \u00d1uble.<\/p>\n<p data-start=\"1326\" data-end=\"1475\">La demora ha generado preocupaci\u00f3n, ya que la escuela provisoria es parte de un plan mayor que contempla una infraestructura definitiva en el futuro.<\/p>\n<p data-start=\"1477\" data-end=\"1620\">Pese al retraso, las autoridades mantienen la expectativa de destrabar el proceso en el corto plazo para iniciar el funcionamiento del recinto.<\/p>\n<p data-start=\"1622\" data-end=\"1781\">La habilitaci\u00f3n de la escuela en Quirihue sigue a la espera de la conexi\u00f3n el\u00e9ctrica, paso clave para comenzar la formaci\u00f3n de nuevos carabineros en la regi\u00f3n.<\/p>\n","protected":false},"excerpt":{"rendered":"<p>La puesta en marcha de la escuela de formaci\u00f3n provisoria de Carabineros en Quirihue presenta retrasos debido a problemas en la conexi\u00f3n el\u00e9ctrica, lo que impide iniciar el funcionamiento en los plazos previstos. El alcalde de Quirihue, Eduardo Redlich, explic\u00f3 que si bien ya se realiz\u00f3 el aumento de potencia en el sector, a\u00fan falta &hellip;<\/p>\n","protected":false},"author":1,"featured_media":53823,"comment_status":"open","ping_status":"open","sticky":false,"template":"","format":"standard","meta":{"footnotes":""},"categories":[25],"tags":[],"class_list":["post-53822","post","type-post","status-publish","format-standard","has-post-thumbnail","hentry","category-nuble"],"_links":{"self":[{"href":"https:\/\/radionuble.cl\/v1\/wp-json\/wp\/v2\/posts\/53822","targetHints":{"allow":["GET"]}}],"collection":[{"href":"https:\/\/radionuble.cl\/v1\/wp-json\/wp\/v2\/posts"}],"about":[{"href":"https:\/\/radionuble.cl\/v1\/wp-json\/wp\/v2\/types\/post"}],"author":[{"embeddable":true,"href":"https:\/\/radionuble.cl\/v1\/wp-json\/wp\/v2\/users\/1"}],"replies":[{"embeddable":true,"href":"https:\/\/radionuble.cl\/v1\/wp-json\/wp\/v2\/comments?post=53822"}],"version-history":[{"count":1,"href":"https:\/\/radionuble.cl\/v1\/wp-json\/wp\/v2\/posts\/53822\/revisions"}],"predecessor-version":[{"id":53824,"href":"https:\/\/radionuble.cl\/v1\/wp-json\/wp\/v2\/posts\/53822\/revisions\/53824"}],"wp:featuredmedia":[{"embeddable":true,"href":"https:\/\/radionuble.cl\/v1\/wp-json\/wp\/v2\/media\/53823"}],"wp:attachment":[{"href":"https:\/\/radionuble.cl\/v1\/wp-json\/wp\/v2\/media?parent=53822"}],"wp:term":[{"taxonomy":"category","embeddable":true,"href":"https:\/\/radionuble.cl\/v1\/wp-json\/wp\/v2\/categories?post=53822"},{"taxonomy":"post_tag","embeddable":true,"href":"https:\/\/radionuble.cl\/v1\/wp-json\/wp\/v2\/tags?post=53822"}],"curies":[{"name":"wp","href":"https:\/\/api.w.org\/{rel}","templated":true}]}}